{"id":1590,"date":"2015-01-16T13:03:49","date_gmt":"2015-01-16T13:03:49","guid":{"rendered":"http:\/\/www.artelista.com\/blog\/?p=1590"},"modified":"2015-01-16T13:03:49","modified_gmt":"2015-01-16T13:03:49","slug":"ricardo-reyes-archila-la-fiesta-del-pop-art","status":"publish","type":"post","link":"https:\/\/www.artelista.com\/blog\/ricardo-reyes-archila-la-fiesta-del-pop-art\/","title":{"rendered":"Ricardo Reyes Archila: la fiesta del pop art"},"content":{"rendered":"<p>\u00bfEs posible descubrir algo nuevo del pop? Cuando parece que todo lo relacionado a este movimiento ya ha sido visto, el trabajo de <strong>Ricardo Reyes Archila<\/strong>\u00a0nos sorprende con una respuesta afirmativa.<\/p>\n<p><strong>Popular, joven, ingenioso, sexy, divertido y glamuroso.<\/strong> Estos fueron algunos de los elementos con los que el \u201cPapi del Pop\u201d, Richard Hamilton, defini\u00f3 la revolucionaria corriente. Y estos son precisamente los atributos que describen la obra del pintor colombiano.<\/p>\n<div id=\"attachment_1595\" style=\"width: 570px\" class=\"wp-caption aligncenter\"><a href=\"https:\/\/www.artelista.com\/obra\/7579449545427650-tennis-converce.html\" target=\"_blank\"><img loading=\"lazy\" decoding=\"async\" aria-describedby=\"caption-attachment-1595\" class=\"wp-image-1595\" src=\"https:\/\/www.artelista.com\/blog\/wp-content\/uploads\/2015\/01\/Tennis-Converse.-Ricardo-Reyes-Archila.jpg\" alt=\"Tennis Converse. Ricardo Reyes Archila\" width=\"560\" height=\"300\" srcset=\"https:\/\/www.artelista.com\/blog\/wp-content\/uploads\/2015\/01\/Tennis-Converse.-Ricardo-Reyes-Archila.jpg 633w, https:\/\/www.artelista.com\/blog\/wp-content\/uploads\/2015\/01\/Tennis-Converse.-Ricardo-Reyes-Archila-300x160.jpg 300w\" sizes=\"(max-width: 560px) 100vw, 560px\" \/><\/a><p id=\"caption-attachment-1595\" class=\"wp-caption-text\">Tennis Converse. Ricardo Reyes Archila<\/p><\/div>\n<p>Ricardo Reyes nos muestra los objetos y la cultura de la vida contempor\u00e1nea con un estilo rompedor, convirtiendo las conocid\u00edsimas zapatillas <strong><em>Converse<\/em><\/strong> en su <strong>producto de consumo fetiche.<\/strong><\/p>\n<div id=\"attachment_1594\" style=\"width: 249px\" class=\"wp-caption aligncenter\"><a href=\"https:\/\/www.artelista.com\/obra\/6780072115205546-tetera.html\" target=\"_blank\"><img loading=\"lazy\" decoding=\"async\" aria-describedby=\"caption-attachment-1594\" class=\"wp-image-1594 size-medium\" src=\"https:\/\/www.artelista.com\/blog\/wp-content\/uploads\/2015\/01\/Tetera.-Ricardo-Reyes-Archila-239x300.jpg\" alt=\"Tetera. Ricardo Reyes Archila\" width=\"239\" height=\"300\" srcset=\"https:\/\/www.artelista.com\/blog\/wp-content\/uploads\/2015\/01\/Tetera.-Ricardo-Reyes-Archila-239x300.jpg 239w, https:\/\/www.artelista.com\/blog\/wp-content\/uploads\/2015\/01\/Tetera.-Ricardo-Reyes-Archila-300x375.jpg 300w, https:\/\/www.artelista.com\/blog\/wp-content\/uploads\/2015\/01\/Tetera.-Ricardo-Reyes-Archila.jpg 439w\" sizes=\"(max-width: 239px) 100vw, 239px\" \/><\/a><p id=\"caption-attachment-1594\" class=\"wp-caption-text\">Tetera. Ricardo Reyes Archila<\/p><\/div>\n<p>Inspirado, por supuesto, en el c\u00f3mic y la fotograf\u00eda, va m\u00e1s all\u00e1 transformando las leyes de lo pop a su gusto. Aplica pr\u00e1cticas recogidas de las vi\u00f1etas para darle m\u00e1s de una vuelta a la representaci\u00f3n de iconos que nunca pasar\u00e1n de moda, como la inmortal Marilyn. Rejuvenece, pues, el pasado, inyect\u00e1ndole una visi\u00f3n muy actual, y traza un <strong>retrato inmediato de la mentalidad moderna.<\/strong><\/p>\n<div id=\"attachment_1593\" style=\"width: 441px\" class=\"wp-caption aligncenter\"><a href=\"https:\/\/www.artelista.com\/obra\/9687568925289956-canicas.html\" target=\"_blank\"><img loading=\"lazy\" decoding=\"async\" aria-describedby=\"caption-attachment-1593\" class=\"wp-image-1593\" src=\"https:\/\/www.artelista.com\/blog\/wp-content\/uploads\/2015\/01\/Canicas.-Ricardo-Reyes-Archila.jpg\" alt=\"Canicas. Ricardo Reyes Archila\" width=\"431\" height=\"300\" srcset=\"https:\/\/www.artelista.com\/blog\/wp-content\/uploads\/2015\/01\/Canicas.-Ricardo-Reyes-Archila.jpg 633w, https:\/\/www.artelista.com\/blog\/wp-content\/uploads\/2015\/01\/Canicas.-Ricardo-Reyes-Archila-300x209.jpg 300w\" sizes=\"(max-width: 431px) 100vw, 431px\" \/><\/a><p id=\"caption-attachment-1593\" class=\"wp-caption-text\">Canicas. Ricardo Reyes Archila<\/p><\/div>\n<p>Salt\u00e1ndose el formalismo expresivo, Ricardo Reyes exprime a trav\u00e9s de un lenguaje descarado la <strong>intelectualidad del pop art y el atractivo de su est\u00e9tica.<\/strong> En sus lienzos, ensalza el dibujo y hace uso del color acogi\u00e9ndose a las necesidades de su gui\u00f3n. Saturado en todos los casos, sus composiciones presentan tonos muy vivos, pero, tambi\u00e9n, juega con otros m\u00e1s calmados. Dej\u00e1ndose llevar, a veces, por la elegante combinaci\u00f3n del blanco y el negro. De cualquier manera, el resultado siempre termina en una <strong>llamativa armon\u00eda.<\/strong><\/p>\n<div id=\"attachment_1592\" style=\"width: 451px\" class=\"wp-caption aligncenter\"><a href=\"https:\/\/www.artelista.com\/obra\/9469248089760031-rostro.html\" target=\"_blank\"><img loading=\"lazy\" decoding=\"async\" aria-describedby=\"caption-attachment-1592\" class=\"wp-image-1592\" src=\"https:\/\/www.artelista.com\/blog\/wp-content\/uploads\/2015\/01\/Rostro.-Ricardo-Reyes-Archila.jpg\" alt=\"Rostro. Ricardo Reyes Archila\" width=\"441\" height=\"300\" srcset=\"https:\/\/www.artelista.com\/blog\/wp-content\/uploads\/2015\/01\/Rostro.-Ricardo-Reyes-Archila.jpg 633w, https:\/\/www.artelista.com\/blog\/wp-content\/uploads\/2015\/01\/Rostro.-Ricardo-Reyes-Archila-300x204.jpg 300w, https:\/\/www.artelista.com\/blog\/wp-content\/uploads\/2015\/01\/Rostro.-Ricardo-Reyes-Archila-140x94.jpg 140w\" sizes=\"(max-width: 441px) 100vw, 441px\" \/><\/a><p id=\"caption-attachment-1592\" class=\"wp-caption-text\">Rostro. Ricardo Reyes Archila<\/p><\/div>\n<p>En definitiva, la obra pict\u00f3rica del artista colombiano es una de esas manifestaciones que dan <strong>profundidad y sentido<\/strong> al movimiento art\u00edstico m\u00e1s popular del siglo XX.<\/p>\n<p>Si quieres conocer <strong>m\u00e1s<\/strong> acerca de <strong>Ricardo Reyes Archila<\/strong> y su trabajo pincha<strong><a href=\"https:\/\/www.artelista.com\/autor\/3865\/list.html\" target=\"_blank\"> aqu\u00ed.<\/a><\/strong><\/p>\n","protected":false},"excerpt":{"rendered":"<p>\u00bfEs posible descubrir algo nuevo del pop? Cuando parece que todo lo relacionado a este movimiento ya ha sido visto, el trabajo de Ricardo Reyes Archila\u00a0nos sorprende con una respuesta afirmativa. Popular, joven, ingenioso, sexy, divertido y glamuroso. Estos fueron algunos de los elementos con los que el \u201cPapi del Pop\u201d, Richard Hamilton, defini\u00f3 la [&hellip;]<\/p>\n","protected":false},"author":5,"featured_media":1593,"comment_status":"open","ping_status":"open","sticky":false,"template":"","format":"standard","meta":{"_et_pb_use_builder":"","_et_pb_old_content":"","_et_gb_content_width":"","footnotes":""},"categories":[23,1,8],"tags":[],"class_list":["post-1590","post","type-post","status-publish","format-standard","has-post-thumbnail","hentry","category-la-critica-nuestros-artistas","category-noticias","category-nuestros-artistas","et-has-post-format-content","et_post_format-et-post-format-standard"],"yoast_head":"<!-- This site is optimized with the Yoast SEO plugin v26.0 - https:\/\/yoast.com\/wordpress\/plugins\/seo\/ -->\n<title>Ricardo Reyes Archila: la fiesta del pop art - Artelista<\/title>\n<meta name=\"robots\" content=\"index, follow, max-snippet:-1, max-image-preview:large, max-video-preview:-1\" \/>\n<link rel=\"canonical\" href=\"https:\/\/www.artelista.com\/blog\/ricardo-reyes-archila-la-fiesta-del-pop-art\/\" \/>\n<meta property=\"og:locale\" content=\"es_ES\" \/>\n<meta property=\"og:type\" content=\"article\" \/>\n<meta property=\"og:title\" content=\"Ricardo Reyes Archila: la fiesta del pop art - Artelista\" \/>\n<meta property=\"og:description\" content=\"\u00bfEs posible descubrir algo nuevo del pop? Cuando parece que todo lo relacionado a este movimiento ya ha sido visto, el trabajo de Ricardo Reyes Archila\u00a0nos sorprende con una respuesta afirmativa. Popular, joven, ingenioso, sexy, divertido y glamuroso. Estos fueron algunos de los elementos con los que el \u201cPapi del Pop\u201d, Richard Hamilton, defini\u00f3 la [&hellip;]\" \/>\n<meta property=\"og:url\" content=\"https:\/\/www.artelista.com\/blog\/ricardo-reyes-archila-la-fiesta-del-pop-art\/\" \/>\n<meta property=\"og:site_name\" content=\"Artelista Magazine\" \/>\n<meta property=\"article:publisher\" content=\"https:\/\/www.facebook.com\/Artelista\" \/>\n<meta property=\"article:published_time\" content=\"2015-01-16T13:03:49+00:00\" \/>\n<meta property=\"og:image\" content=\"https:\/\/www.artelista.com\/blog\/wp-content\/uploads\/2015\/01\/Canicas.-Ricardo-Reyes-Archila.jpg\" \/>\n\t<meta property=\"og:image:width\" content=\"633\" \/>\n\t<meta property=\"og:image:height\" content=\"441\" \/>\n\t<meta property=\"og:image:type\" content=\"image\/jpeg\" \/>\n<meta name=\"author\" content=\"Adriana Vega\" \/>\n<meta name=\"twitter:card\" content=\"summary_large_image\" \/>\n<meta name=\"twitter:creator\" content=\"@Artelista\" \/>\n<meta name=\"twitter:site\" content=\"@Artelista\" \/>\n<meta name=\"twitter:label1\" content=\"Escrito por\" \/>\n\t<meta name=\"twitter:data1\" content=\"Adriana Vega\" \/>\n\t<meta name=\"twitter:label2\" content=\"Tiempo de lectura\" \/>\n\t<meta name=\"twitter:data2\" content=\"2 minutos\" \/>\n<script type=\"application\/ld+json\" class=\"yoast-schema-graph\">{\"@context\":\"https:\/\/schema.org\",\"@graph\":[{\"@type\":\"WebPage\",\"@id\":\"https:\/\/www.artelista.com\/blog\/ricardo-reyes-archila-la-fiesta-del-pop-art\/\",\"url\":\"https:\/\/www.artelista.com\/blog\/ricardo-reyes-archila-la-fiesta-del-pop-art\/\",\"name\":\"Ricardo Reyes Archila: la fiesta del pop art - Artelista\",\"isPartOf\":{\"@id\":\"https:\/\/www.artelista.com\/blog\/#website\"},\"primaryImageOfPage\":{\"@id\":\"https:\/\/www.artelista.com\/blog\/ricardo-reyes-archila-la-fiesta-del-pop-art\/#primaryimage\"},\"image\":{\"@id\":\"https:\/\/www.artelista.com\/blog\/ricardo-reyes-archila-la-fiesta-del-pop-art\/#primaryimage\"},\"thumbnailUrl\":\"https:\/\/www.artelista.com\/blog\/wp-content\/uploads\/2015\/01\/Canicas.-Ricardo-Reyes-Archila.jpg\",\"datePublished\":\"2015-01-16T13:03:49+00:00\",\"author\":{\"@id\":\"https:\/\/www.artelista.com\/blog\/#\/schema\/person\/2ac0854ff8c8a48f486ce2c6736020e6\"},\"breadcrumb\":{\"@id\":\"https:\/\/www.artelista.com\/blog\/ricardo-reyes-archila-la-fiesta-del-pop-art\/#breadcrumb\"},\"inLanguage\":\"es\",\"potentialAction\":[{\"@type\":\"ReadAction\",\"target\":[\"https:\/\/www.artelista.com\/blog\/ricardo-reyes-archila-la-fiesta-del-pop-art\/\"]}]},{\"@type\":\"ImageObject\",\"inLanguage\":\"es\",\"@id\":\"https:\/\/www.artelista.com\/blog\/ricardo-reyes-archila-la-fiesta-del-pop-art\/#primaryimage\",\"url\":\"https:\/\/www.artelista.com\/blog\/wp-content\/uploads\/2015\/01\/Canicas.-Ricardo-Reyes-Archila.jpg\",\"contentUrl\":\"https:\/\/www.artelista.com\/blog\/wp-content\/uploads\/2015\/01\/Canicas.-Ricardo-Reyes-Archila.jpg\",\"width\":633,\"height\":441},{\"@type\":\"BreadcrumbList\",\"@id\":\"https:\/\/www.artelista.com\/blog\/ricardo-reyes-archila-la-fiesta-del-pop-art\/#breadcrumb\",\"itemListElement\":[{\"@type\":\"ListItem\",\"position\":1,\"name\":\"Home\",\"item\":\"https:\/\/www.artelista.com\/blog\/\"},{\"@type\":\"ListItem\",\"position\":2,\"name\":\"Ricardo Reyes Archila: la fiesta del pop art\"}]},{\"@type\":\"WebSite\",\"@id\":\"https:\/\/www.artelista.com\/blog\/#website\",\"url\":\"https:\/\/www.artelista.com\/blog\/\",\"name\":\"Artelista Magazine\",\"description\":\"La revista de arte de Artelista\",\"potentialAction\":[{\"@type\":\"SearchAction\",\"target\":{\"@type\":\"EntryPoint\",\"urlTemplate\":\"https:\/\/www.artelista.com\/blog\/?s={search_term_string}\"},\"query-input\":{\"@type\":\"PropertyValueSpecification\",\"valueRequired\":true,\"valueName\":\"search_term_string\"}}],\"inLanguage\":\"es\"},{\"@type\":\"Person\",\"@id\":\"https:\/\/www.artelista.com\/blog\/#\/schema\/person\/2ac0854ff8c8a48f486ce2c6736020e6\",\"name\":\"Adriana Vega\",\"image\":{\"@type\":\"ImageObject\",\"inLanguage\":\"es\",\"@id\":\"https:\/\/www.artelista.com\/blog\/#\/schema\/person\/image\/\",\"url\":\"https:\/\/secure.gravatar.com\/avatar\/0b5898e6e7fc19eaa227128574af10e51b940d1bce819df9d4ad77781c19aad6?s=96&d=mm&r=g\",\"contentUrl\":\"https:\/\/secure.gravatar.com\/avatar\/0b5898e6e7fc19eaa227128574af10e51b940d1bce819df9d4ad77781c19aad6?s=96&d=mm&r=g\",\"caption\":\"Adriana Vega\"},\"url\":\"https:\/\/www.artelista.com\/blog\/author\/adrianavega\/\"}]}<\/script>\n<!-- \/ Yoast SEO plugin. -->","yoast_head_json":{"title":"Ricardo Reyes Archila: la fiesta del pop art - Artelista","robots":{"index":"index","follow":"follow","max-snippet":"max-snippet:-1","max-image-preview":"max-image-preview:large","max-video-preview":"max-video-preview:-1"},"canonical":"https:\/\/www.artelista.com\/blog\/ricardo-reyes-archila-la-fiesta-del-pop-art\/","og_locale":"es_ES","og_type":"article","og_title":"Ricardo Reyes Archila: la fiesta del pop art - Artelista","og_description":"\u00bfEs posible descubrir algo nuevo del pop? Cuando parece que todo lo relacionado a este movimiento ya ha sido visto, el trabajo de Ricardo Reyes Archila\u00a0nos sorprende con una respuesta afirmativa. Popular, joven, ingenioso, sexy, divertido y glamuroso. Estos fueron algunos de los elementos con los que el \u201cPapi del Pop\u201d, Richard Hamilton, defini\u00f3 la [&hellip;]","og_url":"https:\/\/www.artelista.com\/blog\/ricardo-reyes-archila-la-fiesta-del-pop-art\/","og_site_name":"Artelista Magazine","article_publisher":"https:\/\/www.facebook.com\/Artelista","article_published_time":"2015-01-16T13:03:49+00:00","og_image":[{"width":633,"height":441,"url":"https:\/\/www.artelista.com\/blog\/wp-content\/uploads\/2015\/01\/Canicas.-Ricardo-Reyes-Archila.jpg","type":"image\/jpeg"}],"author":"Adriana Vega","twitter_card":"summary_large_image","twitter_creator":"@Artelista","twitter_site":"@Artelista","twitter_misc":{"Escrito por":"Adriana Vega","Tiempo de lectura":"2 minutos"},"schema":{"@context":"https:\/\/schema.org","@graph":[{"@type":"WebPage","@id":"https:\/\/www.artelista.com\/blog\/ricardo-reyes-archila-la-fiesta-del-pop-art\/","url":"https:\/\/www.artelista.com\/blog\/ricardo-reyes-archila-la-fiesta-del-pop-art\/","name":"Ricardo Reyes Archila: la fiesta del pop art - Artelista","isPartOf":{"@id":"https:\/\/www.artelista.com\/blog\/#website"},"primaryImageOfPage":{"@id":"https:\/\/www.artelista.com\/blog\/ricardo-reyes-archila-la-fiesta-del-pop-art\/#primaryimage"},"image":{"@id":"https:\/\/www.artelista.com\/blog\/ricardo-reyes-archila-la-fiesta-del-pop-art\/#primaryimage"},"thumbnailUrl":"https:\/\/www.artelista.com\/blog\/wp-content\/uploads\/2015\/01\/Canicas.-Ricardo-Reyes-Archila.jpg","datePublished":"2015-01-16T13:03:49+00:00","author":{"@id":"https:\/\/www.artelista.com\/blog\/#\/schema\/person\/2ac0854ff8c8a48f486ce2c6736020e6"},"breadcrumb":{"@id":"https:\/\/www.artelista.com\/blog\/ricardo-reyes-archila-la-fiesta-del-pop-art\/#breadcrumb"},"inLanguage":"es","potentialAction":[{"@type":"ReadAction","target":["https:\/\/www.artelista.com\/blog\/ricardo-reyes-archila-la-fiesta-del-pop-art\/"]}]},{"@type":"ImageObject","inLanguage":"es","@id":"https:\/\/www.artelista.com\/blog\/ricardo-reyes-archila-la-fiesta-del-pop-art\/#primaryimage","url":"https:\/\/www.artelista.com\/blog\/wp-content\/uploads\/2015\/01\/Canicas.-Ricardo-Reyes-Archila.jpg","contentUrl":"https:\/\/www.artelista.com\/blog\/wp-content\/uploads\/2015\/01\/Canicas.-Ricardo-Reyes-Archila.jpg","width":633,"height":441},{"@type":"BreadcrumbList","@id":"https:\/\/www.artelista.com\/blog\/ricardo-reyes-archila-la-fiesta-del-pop-art\/#breadcrumb","itemListElement":[{"@type":"ListItem","position":1,"name":"Home","item":"https:\/\/www.artelista.com\/blog\/"},{"@type":"ListItem","position":2,"name":"Ricardo Reyes Archila: la fiesta del pop art"}]},{"@type":"WebSite","@id":"https:\/\/www.artelista.com\/blog\/#website","url":"https:\/\/www.artelista.com\/blog\/","name":"Artelista Magazine","description":"La revista de arte de Artelista","potentialAction":[{"@type":"SearchAction","target":{"@type":"EntryPoint","urlTemplate":"https:\/\/www.artelista.com\/blog\/?s={search_term_string}"},"query-input":{"@type":"PropertyValueSpecification","valueRequired":true,"valueName":"search_term_string"}}],"inLanguage":"es"},{"@type":"Person","@id":"https:\/\/www.artelista.com\/blog\/#\/schema\/person\/2ac0854ff8c8a48f486ce2c6736020e6","name":"Adriana Vega","image":{"@type":"ImageObject","inLanguage":"es","@id":"https:\/\/www.artelista.com\/blog\/#\/schema\/person\/image\/","url":"https:\/\/secure.gravatar.com\/avatar\/0b5898e6e7fc19eaa227128574af10e51b940d1bce819df9d4ad77781c19aad6?s=96&d=mm&r=g","contentUrl":"https:\/\/secure.gravatar.com\/avatar\/0b5898e6e7fc19eaa227128574af10e51b940d1bce819df9d4ad77781c19aad6?s=96&d=mm&r=g","caption":"Adriana Vega"},"url":"https:\/\/www.artelista.com\/blog\/author\/adrianavega\/"}]}},"_links":{"self":[{"href":"https:\/\/www.artelista.com\/blog\/wp-json\/wp\/v2\/posts\/1590","targetHints":{"allow":["GET"]}}],"collection":[{"href":"https:\/\/www.artelista.com\/blog\/wp-json\/wp\/v2\/posts"}],"about":[{"href":"https:\/\/www.artelista.com\/blog\/wp-json\/wp\/v2\/types\/post"}],"author":[{"embeddable":true,"href":"https:\/\/www.artelista.com\/blog\/wp-json\/wp\/v2\/users\/5"}],"replies":[{"embeddable":true,"href":"https:\/\/www.artelista.com\/blog\/wp-json\/wp\/v2\/comments?post=1590"}],"version-history":[{"count":3,"href":"https:\/\/www.artelista.com\/blog\/wp-json\/wp\/v2\/posts\/1590\/revisions"}],"predecessor-version":[{"id":1597,"href":"https:\/\/www.artelista.com\/blog\/wp-json\/wp\/v2\/posts\/1590\/revisions\/1597"}],"wp:featuredmedia":[{"embeddable":true,"href":"https:\/\/www.artelista.com\/blog\/wp-json\/wp\/v2\/media\/1593"}],"wp:attachment":[{"href":"https:\/\/www.artelista.com\/blog\/wp-json\/wp\/v2\/media?parent=1590"}],"wp:term":[{"taxonomy":"category","embeddable":true,"href":"https:\/\/www.artelista.com\/blog\/wp-json\/wp\/v2\/categories?post=1590"},{"taxonomy":"post_tag","embeddable":true,"href":"https:\/\/www.artelista.com\/blog\/wp-json\/wp\/v2\/tags?post=1590"}],"curies":[{"name":"wp","href":"https:\/\/api.w.org\/{rel}","templated":true}]}}