{"id":3861,"date":"2016-04-22T09:16:35","date_gmt":"2016-04-22T09:16:35","guid":{"rendered":"http:\/\/www.artelista.com\/blog\/?p=3861"},"modified":"2016-04-22T09:16:35","modified_gmt":"2016-04-22T09:16:35","slug":"desde-mi-taller-daniel-martin-cea","status":"publish","type":"post","link":"https:\/\/www.artelista.com\/blog\/desde-mi-taller-daniel-martin-cea\/","title":{"rendered":"Desde mi taller: Daniel Mart\u00edn Cea"},"content":{"rendered":"<p style=\"text-align: justify;\">Me he formado a m\u00ed mismo siendo autodidacta, aunque a los diecisiete a\u00f1os entr\u00e9\u00a0en la escuela de Bellas Artes, donde aprend\u00ed\u2026 a limpiar los pinceles. Soy pintor y\u00a0profesor de dibujo y pintura, aunque para llegar hasta aqu\u00ed he tenido que ejercer\u00a0diferentes profesiones para sobrevivir. He sido rotulista, m\u00fasico, recepcionista y\u00a0hasta director de hotel, pero nunca he abandonado la pintura pues era\u00a0necesario para mi dibujar o pintar cada d\u00eda o cada noche. Durante esos a\u00f1os he pintado\u00a0muchas acuarelas, y muchos retratos a pastel, por encargo. Mis grandes aficiones\u00a0son, adem\u00e1s de la pintura, la m\u00fasica (he sido cantante y guitarrista de rock) y la\u00a0literatura (he publicado alg\u00fan libro adem\u00e1s de relatos y poemas varios en\u00a0diferentes revistas).<\/p>\n<div id=\"attachment_3879\" style=\"width: 604px\" class=\"wp-caption aligncenter\"><a href=\"https:\/\/www.artelista.com\/obra\/6951821555577900-poemas-que-nunca-podras-leer.html\" rel=\"attachment wp-att-3879\"><img loading=\"lazy\" decoding=\"async\" aria-describedby=\"caption-attachment-3879\" class=\" wp-image-3879\" src=\"https:\/\/www.artelista.com\/blog\/wp-content\/uploads\/2016\/04\/6951821555577900-1024x499.jpg\" alt=\"Poemas que nunca podr\u00e1s leer, Daniel Mart\u00edn Cea.\" width=\"594\" height=\"289\" srcset=\"https:\/\/www.artelista.com\/blog\/wp-content\/uploads\/2016\/04\/6951821555577900.jpg 1024w, https:\/\/www.artelista.com\/blog\/wp-content\/uploads\/2016\/04\/6951821555577900-300x146.jpg 300w, https:\/\/www.artelista.com\/blog\/wp-content\/uploads\/2016\/04\/6951821555577900-768x374.jpg 768w, https:\/\/www.artelista.com\/blog\/wp-content\/uploads\/2016\/04\/6951821555577900-578x280.jpg 578w\" sizes=\"(max-width: 594px) 100vw, 594px\" \/><\/a><p id=\"caption-attachment-3879\" class=\"wp-caption-text\"><em>Poemas que nunca podr\u00e1s leer<\/em>, Daniel Mart\u00edn Cea.<\/p><\/div>\n<p style=\"text-align: justify;\"><strong>\u00bfCu\u00e1ndo y por qu\u00e9 empezaste a pintar?<\/strong><br \/>\nCuando ten\u00eda cinco a\u00f1os, fui a pasar dos meses de verano con mi t\u00eda a\u00a0Madrid. Ella, al ver como pasaba los d\u00edas pintando en un cuaderno con mis\u00a0lapiceros, me compr\u00f3 un peque\u00f1o lienzo, un par de pinceles y unos tubos de \u00f3leo.\u00a0Entonces descubr\u00ed los colores de verdad y desde entonces nunca he dejado de\u00a0pintar a diario. Mi madre siempre me dijo que yo nac\u00ed con un pincel bajo el brazo.<\/p>\n<p style=\"text-align: justify;\"><strong>\u00bfC\u00f3mo crees que deben ayudarse una galer\u00eda y sus artistas?<\/strong><br \/>\nLa tarea de una galer\u00eda es dar a conocer las obras de los artistas e intentar\u00a0comercializarlas por los mejores cauces y, a la vez, los artistas deben ofrecer a la galer\u00eda lo\u00a0mejor de s\u00ed mismos.<\/p>\n<p style=\"text-align: justify;\"><strong>\u00bfQu\u00e9 consejo dar\u00edas a aquellos artistas que empiezan a mostrar su obra?<\/strong><br \/>\nQue no tengan miedo a mostrar su obra y que no se preocupen si no venden\u00a0o si tienen malas cr\u00edticas. Vivir del arte es dif\u00edcil, pero si son verdaderos artistas, la\u00a0gente, que no los pol\u00edticos ni las modas, sabr\u00e1 reconocerlos. No deben jam\u00e1s regalar\u00a0sus obras. Ning\u00fan profesional regala su trabajo. Ellos tienen un don que otros no\u00a0tienen. Como digo a mis alumnos m\u00e1s j\u00f3venes: \u201cCuadro regalado, ni querido ni\u00a0pagado\u201d.<\/p>\n<div id=\"attachment_3874\" style=\"width: 332px\" class=\"wp-caption aligncenter\"><a href=\"http:\/\/pinturadecea.artelista.com\/\" rel=\"attachment wp-att-3874\"><img loading=\"lazy\" decoding=\"async\" aria-describedby=\"caption-attachment-3874\" class=\" wp-image-3874\" src=\"https:\/\/www.artelista.com\/blog\/wp-content\/uploads\/2016\/04\/3-escalera-al-cielo-\u00f3leo-s-lienzo-100-x-73-745x1024.jpg\" alt=\"Stairway to Heaven, Daniel Mart\u00edn Cea\" width=\"322\" height=\"442\" srcset=\"https:\/\/www.artelista.com\/blog\/wp-content\/uploads\/2016\/04\/3-escalera-al-cielo-\u00f3leo-s-lienzo-100-x-73-745x1024.jpg 745w, https:\/\/www.artelista.com\/blog\/wp-content\/uploads\/2016\/04\/3-escalera-al-cielo-\u00f3leo-s-lienzo-100-x-73-218x300.jpg 218w, https:\/\/www.artelista.com\/blog\/wp-content\/uploads\/2016\/04\/3-escalera-al-cielo-\u00f3leo-s-lienzo-100-x-73-768x1056.jpg 768w, https:\/\/www.artelista.com\/blog\/wp-content\/uploads\/2016\/04\/3-escalera-al-cielo-\u00f3leo-s-lienzo-100-x-73-300x413.jpg 300w\" sizes=\"(max-width: 322px) 100vw, 322px\" \/><\/a><p id=\"caption-attachment-3874\" class=\"wp-caption-text\"><em>Stairway to Heaven<\/em>, Daniel Mart\u00edn Cea.<\/p><\/div>\n<p style=\"text-align: justify;\"><strong>\u00bfC\u00f3mo vendiste tu primera obra? \u00bfHay alguna con la que sientas\u00a0una mayor conexi\u00f3n?<\/strong><br \/>\nMi primer cuadro lo vendi\u00f3 mi madre a una amiga suya, cuando yo ten\u00eda once\u00a0a\u00f1os. Luego vinieron varios encargos m\u00e1s de otras de sus amigas. Me ayudaron a pagar\u00a0mis lienzos y mis pinturas, y a formarme a m\u00ed mismo aprendiendo de mis errores.\u00a0Todos mis trabajos son hijos m\u00edos, pero si hay un cuadro a destacar es <em>Stairway\u00a0to heaven<\/em>\u00a0(escalera al cielo) que pint\u00e9 meses despu\u00e9s de la muerte de mi hijo Alberto, que\u00a0muri\u00f3 a los veinte a\u00f1os. Ese cuadro fue un desgarro de mi alma. Precisamente voy a publicar un libro pronto con ese t\u00edtulo en el que incluir\u00e9 unas 75-80 obras\u00a0m\u00edas, adem\u00e1s de relatos, poemas, etc.<\/p>\n<p style=\"text-align: justify;\"><strong>\u00bfQu\u00e9 es el arte para ti? \u00bfQu\u00e9 papel juega en tu vida? \u00bfVives del arte?<\/strong><br \/>\nEl arte para m\u00ed es la vida misma. Nadie deber\u00eda de vivir sin arte en su vida.\u00a0Para un pintor y ense\u00f1ante de pintores lo es todo. A mis alumnos les hablo de\u00a0pintores, de cuadros famosos, de dificultades, de alegr\u00eda, del alma ante una obra bien\u00a0hecha, de c\u00f3mo conseguir lo imposible con el arte. Vivo del arte y para el arte.<\/p>\n<div id=\"attachment_3877\" style=\"width: 456px\" class=\"wp-caption aligncenter\"><a href=\"https:\/\/www.artelista.com\/obra\/3826045440601562-ella-amaba-a-caravaggio.html\" rel=\"attachment wp-att-3877\"><img loading=\"lazy\" decoding=\"async\" aria-describedby=\"caption-attachment-3877\" class=\" wp-image-3877\" src=\"https:\/\/www.artelista.com\/blog\/wp-content\/uploads\/2016\/04\/3826045440601562-1024x759.jpg\" alt=\"Ella amaba a Caravaggio, Daniel Mart\u00edn Cea\" width=\"446\" height=\"330\" srcset=\"https:\/\/www.artelista.com\/blog\/wp-content\/uploads\/2016\/04\/3826045440601562.jpg 1024w, https:\/\/www.artelista.com\/blog\/wp-content\/uploads\/2016\/04\/3826045440601562-300x222.jpg 300w, https:\/\/www.artelista.com\/blog\/wp-content\/uploads\/2016\/04\/3826045440601562-768x569.jpg 768w\" sizes=\"(max-width: 446px) 100vw, 446px\" \/><\/a><p id=\"caption-attachment-3877\" class=\"wp-caption-text\"><em>Ella amaba a Caravaggio<\/em>, Daniel Mart\u00edn Cea.<\/p><\/div>\n<p style=\"text-align: justify;\"><strong>\u00bfCu\u00e1les son tus fuentes de inspiraci\u00f3n? \u00bfTe identificas con alg\u00fan otro artista?<\/strong><br \/>\nLa naturaleza es mi fuente de inspiraci\u00f3n, y mi mujer y mis hijos a los que\u00a0reproduzco con frecuencia en mis cuadros.\u00a0Me identifico con los pintores del romanticismo franc\u00e9s, con los\u00a0prerrafaelistas, con Caspar David Friedrich y con el movimiento actual de pintores\u00a0realistas, aunque a muchos de estos les critico el pintar solo uno o dos temas\u00a0parecidos en sus cuadros y repetir el mismo tema una y otra vez. No me gusta el\u00a0pintor monotem\u00e1tico. Como dec\u00eda Leonardo, \u201cel pintor debe ser universal, debe\u00a0saber pintar todo tipo de temas&#8230;\u201d.<\/p>\n<p style=\"text-align: justify;\"><strong>\u00bfQu\u00e9 tiene tu proceso creativo que lo haga especial?<\/strong><br \/>\nMe gustan las luces especiales del paisaje, cuando encuentras ese momento\u00a0m\u00e1gico del d\u00eda y lo retienes en la memoria para, posteriormente, partiendo de una luz\u00a0normal, cambiar lo que has visto y ponerle esa luz particular que ten\u00eda ese momento. Por\u00a0eso me suelen decir que mis cuadros tienen una luz \u201cmuy trabajada\u201d.<\/p>\n<div id=\"attachment_3880\" style=\"width: 291px\" class=\"wp-caption aligncenter\"><a href=\"https:\/\/www.artelista.com\/obra\/9442687213054571-en-la-playa.html\" rel=\"attachment wp-att-3880\"><img loading=\"lazy\" decoding=\"async\" aria-describedby=\"caption-attachment-3880\" class=\" wp-image-3880\" src=\"https:\/\/www.artelista.com\/blog\/wp-content\/uploads\/2016\/04\/9442687213054571.jpg\" alt=\"En la playa, Daniel Mart\u00edn Cea. \" width=\"281\" height=\"365\" srcset=\"https:\/\/www.artelista.com\/blog\/wp-content\/uploads\/2016\/04\/9442687213054571.jpg 589w, https:\/\/www.artelista.com\/blog\/wp-content\/uploads\/2016\/04\/9442687213054571-231x300.jpg 231w, https:\/\/www.artelista.com\/blog\/wp-content\/uploads\/2016\/04\/9442687213054571-300x390.jpg 300w\" sizes=\"(max-width: 281px) 100vw, 281px\" \/><\/a><p id=\"caption-attachment-3880\" class=\"wp-caption-text\"><em>En la playa<\/em>, Daniel Mart\u00edn Cea.<\/p><\/div>\n<p style=\"text-align: justify;\">Tambi\u00e9n\u00a0me gustan las figuras solas formando parte del paisaje, como deber\u00eda de estar el ser\u00a0humano, integrado como una parte m\u00e1s de la naturaleza. Me gusta trabajar solo, rodeado\u00a0de m\u00fasica a todo volumen. La m\u00fasica es el complemento que necesito para transportarme\u00a0a mi universo.<\/p>\n<p style=\"text-align: justify;\"><strong>\u00bfHas realizado alguna exposici\u00f3n \u00faltimamente, qu\u00e9 puedes contarnos? \u00bfTienes\u00a0alg\u00fan proyecto en mente?<\/strong><br \/>\nHe estado en colectivas en Par\u00eds, Edimburgo, Madrid, etc. Pendiente\u00a0tengo una en Valladolid y otra con las obras de mis alumnos.<\/p>\n<p style=\"text-align: justify;\"><strong>Podr\u00edas recomendarnos:<\/strong><br \/>\nNo puedo quedarme con una obra, con un artista, con un libro\u2026 hay\u00a0mucho que me gusta, pero si me pides que escoja:<br \/>\n<strong>Un artista:<\/strong> John Everett Millais, Ingres, Sorolla, Caspar D. Friedrich, etc.<br \/>\n<strong>Una obra:<\/strong> <em>Ofelia<\/em>\u00a0de J. E. Millais.<br \/>\n<strong>Un libro:<\/strong><em> Libro del desasosiego<\/em> de Fernando Pessoa.<br \/>\n<strong>Una pel\u00edcula:<\/strong> <em>Alien: el octavo pasajero<\/em>.<\/p>\n<p style=\"text-align: justify;\"><strong>Muchas gracias.\u00a0<\/strong><\/p>\n<p style=\"text-align: justify;\">Te invitamos a visitar <a href=\"http:\/\/pinturadecea.artelista.com\/\" target=\"_blank\">la galer\u00eda de Daniel Mart\u00edn Cea<\/a> en Artelista y una<a href=\"https:\/\/www.artelista.com\/blog\/daniel-martin-cea-a-traves-del-espejo-2\/\" target=\"_blank\"> cr\u00edtica de su obra<\/a>.<\/p>\n<div id=\"attachment_3875\" style=\"width: 510px\" class=\"wp-caption aligncenter\"><a href=\"https:\/\/www.artelista.com\/obra\/2758714387810124-el-gato-y-la-mariposa.html\" rel=\"attachment wp-att-3875\"><img loading=\"lazy\" decoding=\"async\" aria-describedby=\"caption-attachment-3875\" class=\" wp-image-3875\" src=\"https:\/\/www.artelista.com\/blog\/wp-content\/uploads\/2016\/04\/2758714387810124-1024x678.jpg\" alt=\"El gato y la mariposa, Daniel Mart\u00edn Cea.\" width=\"500\" height=\"331\" srcset=\"https:\/\/www.artelista.com\/blog\/wp-content\/uploads\/2016\/04\/2758714387810124.jpg 1024w, https:\/\/www.artelista.com\/blog\/wp-content\/uploads\/2016\/04\/2758714387810124-300x199.jpg 300w, https:\/\/www.artelista.com\/blog\/wp-content\/uploads\/2016\/04\/2758714387810124-768x509.jpg 768w, https:\/\/www.artelista.com\/blog\/wp-content\/uploads\/2016\/04\/2758714387810124-321x214.jpg 321w, https:\/\/www.artelista.com\/blog\/wp-content\/uploads\/2016\/04\/2758714387810124-207x136.jpg 207w, https:\/\/www.artelista.com\/blog\/wp-content\/uploads\/2016\/04\/2758714387810124-140x94.jpg 140w\" sizes=\"(max-width: 500px) 100vw, 500px\" \/><\/a><p id=\"caption-attachment-3875\" class=\"wp-caption-text\"><em>El gato y la mariposa<\/em>, Daniel Mart\u00edn Cea.<\/p><\/div>\n<p>&nbsp;<\/p>\n<div id=\"attachment_3876\" style=\"width: 511px\" class=\"wp-caption aligncenter\"><a href=\"https:\/\/www.artelista.com\/obra\/3452800397121336-hundida.html\" rel=\"attachment wp-att-3876\"><img loading=\"lazy\" decoding=\"async\" aria-describedby=\"caption-attachment-3876\" class=\" wp-image-3876\" src=\"https:\/\/www.artelista.com\/blog\/wp-content\/uploads\/2016\/04\/3452800397121336-1024x626.jpg\" alt=\"Hundida, Daniel Mart\u00edn Cea. \" width=\"501\" height=\"306\" srcset=\"https:\/\/www.artelista.com\/blog\/wp-content\/uploads\/2016\/04\/3452800397121336.jpg 1024w, https:\/\/www.artelista.com\/blog\/wp-content\/uploads\/2016\/04\/3452800397121336-300x183.jpg 300w, https:\/\/www.artelista.com\/blog\/wp-content\/uploads\/2016\/04\/3452800397121336-768x470.jpg 768w\" sizes=\"(max-width: 501px) 100vw, 501px\" \/><\/a><p id=\"caption-attachment-3876\" class=\"wp-caption-text\"><em>Hundida<\/em>, Daniel Mart\u00edn Cea.<\/p><\/div>\n","protected":false},"excerpt":{"rendered":"<p>Me he formado a m\u00ed mismo siendo autodidacta, aunque a los diecisiete a\u00f1os entr\u00e9\u00a0en la escuela de Bellas Artes, donde aprend\u00ed\u2026 a limpiar los pinceles. Soy pintor y\u00a0profesor de dibujo y pintura, aunque para llegar hasta aqu\u00ed he tenido que ejercer\u00a0diferentes profesiones para sobrevivir. He sido rotulista, m\u00fasico, recepcionista y\u00a0hasta director de hotel, pero nunca [&hellip;]<\/p>\n","protected":false},"author":6,"featured_media":3873,"comment_status":"open","ping_status":"open","sticky":false,"template":"","format":"standard","meta":{"_et_pb_use_builder":"","_et_pb_old_content":"","_et_gb_content_width":"","footnotes":""},"categories":[22,1,8],"tags":[],"class_list":["post-3861","post","type-post","status-publish","format-standard","has-post-thumbnail","hentry","category-desde-mi-taller-nuestros-artistas","category-noticias","category-nuestros-artistas","et-has-post-format-content","et_post_format-et-post-format-standard"],"yoast_head":"<!-- This site is optimized with the Yoast SEO plugin v26.0 - https:\/\/yoast.com\/wordpress\/plugins\/seo\/ -->\n<title>Desde mi taller: Daniel Mart\u00edn Cea - Artelista Magazine<\/title>\n<meta name=\"robots\" content=\"index, follow, max-snippet:-1, max-image-preview:large, max-video-preview:-1\" \/>\n<link rel=\"canonical\" href=\"https:\/\/www.artelista.com\/blog\/desde-mi-taller-daniel-martin-cea\/\" \/>\n<meta property=\"og:locale\" content=\"es_ES\" \/>\n<meta property=\"og:type\" content=\"article\" \/>\n<meta property=\"og:title\" content=\"Desde mi taller: Daniel Mart\u00edn Cea - Artelista Magazine\" \/>\n<meta property=\"og:description\" content=\"Me he formado a m\u00ed mismo siendo autodidacta, aunque a los diecisiete a\u00f1os entr\u00e9\u00a0en la escuela de Bellas Artes, donde aprend\u00ed\u2026 a limpiar los pinceles. Soy pintor y\u00a0profesor de dibujo y pintura, aunque para llegar hasta aqu\u00ed he tenido que ejercer\u00a0diferentes profesiones para sobrevivir. He sido rotulista, m\u00fasico, recepcionista y\u00a0hasta director de hotel, pero nunca [&hellip;]\" \/>\n<meta property=\"og:url\" content=\"https:\/\/www.artelista.com\/blog\/desde-mi-taller-daniel-martin-cea\/\" \/>\n<meta property=\"og:site_name\" content=\"Artelista Magazine\" \/>\n<meta property=\"article:publisher\" content=\"https:\/\/www.facebook.com\/Artelista\" \/>\n<meta property=\"article:published_time\" content=\"2016-04-22T09:16:35+00:00\" \/>\n<meta property=\"og:image\" content=\"https:\/\/www.artelista.com\/blog\/wp-content\/uploads\/2016\/04\/IMG_9655-1024x683.jpg\" \/>\n\t<meta property=\"og:image:width\" content=\"1024\" \/>\n\t<meta property=\"og:image:height\" content=\"683\" \/>\n\t<meta property=\"og:image:type\" content=\"image\/jpeg\" \/>\n<meta name=\"author\" content=\"Mois\u00e8s Fern\u00e1ndez\" \/>\n<meta name=\"twitter:card\" content=\"summary_large_image\" \/>\n<meta name=\"twitter:creator\" content=\"@Artelista\" \/>\n<meta name=\"twitter:site\" content=\"@Artelista\" \/>\n<meta name=\"twitter:label1\" content=\"Escrito por\" \/>\n\t<meta name=\"twitter:data1\" content=\"Mois\u00e8s Fern\u00e1ndez\" \/>\n\t<meta name=\"twitter:label2\" content=\"Tiempo de lectura\" \/>\n\t<meta name=\"twitter:data2\" content=\"5 minutos\" \/>\n<script type=\"application\/ld+json\" class=\"yoast-schema-graph\">{\"@context\":\"https:\/\/schema.org\",\"@graph\":[{\"@type\":\"WebPage\",\"@id\":\"https:\/\/www.artelista.com\/blog\/desde-mi-taller-daniel-martin-cea\/\",\"url\":\"https:\/\/www.artelista.com\/blog\/desde-mi-taller-daniel-martin-cea\/\",\"name\":\"Desde mi taller: Daniel Mart\u00edn Cea - Artelista Magazine\",\"isPartOf\":{\"@id\":\"https:\/\/www.artelista.com\/blog\/#website\"},\"primaryImageOfPage\":{\"@id\":\"https:\/\/www.artelista.com\/blog\/desde-mi-taller-daniel-martin-cea\/#primaryimage\"},\"image\":{\"@id\":\"https:\/\/www.artelista.com\/blog\/desde-mi-taller-daniel-martin-cea\/#primaryimage\"},\"thumbnailUrl\":\"https:\/\/www.artelista.com\/blog\/wp-content\/uploads\/2016\/04\/IMG_9655.jpg\",\"datePublished\":\"2016-04-22T09:16:35+00:00\",\"author\":{\"@id\":\"https:\/\/www.artelista.com\/blog\/#\/schema\/person\/dd7dd027423a902a645019c1e2b6c84e\"},\"breadcrumb\":{\"@id\":\"https:\/\/www.artelista.com\/blog\/desde-mi-taller-daniel-martin-cea\/#breadcrumb\"},\"inLanguage\":\"es\",\"potentialAction\":[{\"@type\":\"ReadAction\",\"target\":[\"https:\/\/www.artelista.com\/blog\/desde-mi-taller-daniel-martin-cea\/\"]}]},{\"@type\":\"ImageObject\",\"inLanguage\":\"es\",\"@id\":\"https:\/\/www.artelista.com\/blog\/desde-mi-taller-daniel-martin-cea\/#primaryimage\",\"url\":\"https:\/\/www.artelista.com\/blog\/wp-content\/uploads\/2016\/04\/IMG_9655.jpg\",\"contentUrl\":\"https:\/\/www.artelista.com\/blog\/wp-content\/uploads\/2016\/04\/IMG_9655.jpg\",\"width\":5184,\"height\":3456,\"caption\":\"Daniel Mart\u00edn Cea\"},{\"@type\":\"BreadcrumbList\",\"@id\":\"https:\/\/www.artelista.com\/blog\/desde-mi-taller-daniel-martin-cea\/#breadcrumb\",\"itemListElement\":[{\"@type\":\"ListItem\",\"position\":1,\"name\":\"Home\",\"item\":\"https:\/\/www.artelista.com\/blog\/\"},{\"@type\":\"ListItem\",\"position\":2,\"name\":\"Desde mi taller: Daniel Mart\u00edn Cea\"}]},{\"@type\":\"WebSite\",\"@id\":\"https:\/\/www.artelista.com\/blog\/#website\",\"url\":\"https:\/\/www.artelista.com\/blog\/\",\"name\":\"Artelista Magazine\",\"description\":\"La revista de arte de Artelista\",\"potentialAction\":[{\"@type\":\"SearchAction\",\"target\":{\"@type\":\"EntryPoint\",\"urlTemplate\":\"https:\/\/www.artelista.com\/blog\/?s={search_term_string}\"},\"query-input\":{\"@type\":\"PropertyValueSpecification\",\"valueRequired\":true,\"valueName\":\"search_term_string\"}}],\"inLanguage\":\"es\"},{\"@type\":\"Person\",\"@id\":\"https:\/\/www.artelista.com\/blog\/#\/schema\/person\/dd7dd027423a902a645019c1e2b6c84e\",\"name\":\"Mois\u00e8s Fern\u00e1ndez\",\"image\":{\"@type\":\"ImageObject\",\"inLanguage\":\"es\",\"@id\":\"https:\/\/www.artelista.com\/blog\/#\/schema\/person\/image\/\",\"url\":\"https:\/\/secure.gravatar.com\/avatar\/a9746e98ca2e2f70b5a27152f3c84a8a8287090ef94647080ba3daf28acc996f?s=96&d=mm&r=g\",\"contentUrl\":\"https:\/\/secure.gravatar.com\/avatar\/a9746e98ca2e2f70b5a27152f3c84a8a8287090ef94647080ba3daf28acc996f?s=96&d=mm&r=g\",\"caption\":\"Mois\u00e8s Fern\u00e1ndez\"},\"url\":\"https:\/\/www.artelista.com\/blog\/author\/mfernandez\/\"}]}<\/script>\n<!-- \/ Yoast SEO plugin. -->","yoast_head_json":{"title":"Desde mi taller: Daniel Mart\u00edn Cea - Artelista Magazine","robots":{"index":"index","follow":"follow","max-snippet":"max-snippet:-1","max-image-preview":"max-image-preview:large","max-video-preview":"max-video-preview:-1"},"canonical":"https:\/\/www.artelista.com\/blog\/desde-mi-taller-daniel-martin-cea\/","og_locale":"es_ES","og_type":"article","og_title":"Desde mi taller: Daniel Mart\u00edn Cea - Artelista Magazine","og_description":"Me he formado a m\u00ed mismo siendo autodidacta, aunque a los diecisiete a\u00f1os entr\u00e9\u00a0en la escuela de Bellas Artes, donde aprend\u00ed\u2026 a limpiar los pinceles. Soy pintor y\u00a0profesor de dibujo y pintura, aunque para llegar hasta aqu\u00ed he tenido que ejercer\u00a0diferentes profesiones para sobrevivir. He sido rotulista, m\u00fasico, recepcionista y\u00a0hasta director de hotel, pero nunca [&hellip;]","og_url":"https:\/\/www.artelista.com\/blog\/desde-mi-taller-daniel-martin-cea\/","og_site_name":"Artelista Magazine","article_publisher":"https:\/\/www.facebook.com\/Artelista","article_published_time":"2016-04-22T09:16:35+00:00","og_image":[{"width":1024,"height":683,"url":"https:\/\/www.artelista.com\/blog\/wp-content\/uploads\/2016\/04\/IMG_9655-1024x683.jpg","type":"image\/jpeg"}],"author":"Mois\u00e8s Fern\u00e1ndez","twitter_card":"summary_large_image","twitter_creator":"@Artelista","twitter_site":"@Artelista","twitter_misc":{"Escrito por":"Mois\u00e8s Fern\u00e1ndez","Tiempo de lectura":"5 minutos"},"schema":{"@context":"https:\/\/schema.org","@graph":[{"@type":"WebPage","@id":"https:\/\/www.artelista.com\/blog\/desde-mi-taller-daniel-martin-cea\/","url":"https:\/\/www.artelista.com\/blog\/desde-mi-taller-daniel-martin-cea\/","name":"Desde mi taller: Daniel Mart\u00edn Cea - Artelista Magazine","isPartOf":{"@id":"https:\/\/www.artelista.com\/blog\/#website"},"primaryImageOfPage":{"@id":"https:\/\/www.artelista.com\/blog\/desde-mi-taller-daniel-martin-cea\/#primaryimage"},"image":{"@id":"https:\/\/www.artelista.com\/blog\/desde-mi-taller-daniel-martin-cea\/#primaryimage"},"thumbnailUrl":"https:\/\/www.artelista.com\/blog\/wp-content\/uploads\/2016\/04\/IMG_9655.jpg","datePublished":"2016-04-22T09:16:35+00:00","author":{"@id":"https:\/\/www.artelista.com\/blog\/#\/schema\/person\/dd7dd027423a902a645019c1e2b6c84e"},"breadcrumb":{"@id":"https:\/\/www.artelista.com\/blog\/desde-mi-taller-daniel-martin-cea\/#breadcrumb"},"inLanguage":"es","potentialAction":[{"@type":"ReadAction","target":["https:\/\/www.artelista.com\/blog\/desde-mi-taller-daniel-martin-cea\/"]}]},{"@type":"ImageObject","inLanguage":"es","@id":"https:\/\/www.artelista.com\/blog\/desde-mi-taller-daniel-martin-cea\/#primaryimage","url":"https:\/\/www.artelista.com\/blog\/wp-content\/uploads\/2016\/04\/IMG_9655.jpg","contentUrl":"https:\/\/www.artelista.com\/blog\/wp-content\/uploads\/2016\/04\/IMG_9655.jpg","width":5184,"height":3456,"caption":"Daniel Mart\u00edn Cea"},{"@type":"BreadcrumbList","@id":"https:\/\/www.artelista.com\/blog\/desde-mi-taller-daniel-martin-cea\/#breadcrumb","itemListElement":[{"@type":"ListItem","position":1,"name":"Home","item":"https:\/\/www.artelista.com\/blog\/"},{"@type":"ListItem","position":2,"name":"Desde mi taller: Daniel Mart\u00edn Cea"}]},{"@type":"WebSite","@id":"https:\/\/www.artelista.com\/blog\/#website","url":"https:\/\/www.artelista.com\/blog\/","name":"Artelista Magazine","description":"La revista de arte de Artelista","potentialAction":[{"@type":"SearchAction","target":{"@type":"EntryPoint","urlTemplate":"https:\/\/www.artelista.com\/blog\/?s={search_term_string}"},"query-input":{"@type":"PropertyValueSpecification","valueRequired":true,"valueName":"search_term_string"}}],"inLanguage":"es"},{"@type":"Person","@id":"https:\/\/www.artelista.com\/blog\/#\/schema\/person\/dd7dd027423a902a645019c1e2b6c84e","name":"Mois\u00e8s Fern\u00e1ndez","image":{"@type":"ImageObject","inLanguage":"es","@id":"https:\/\/www.artelista.com\/blog\/#\/schema\/person\/image\/","url":"https:\/\/secure.gravatar.com\/avatar\/a9746e98ca2e2f70b5a27152f3c84a8a8287090ef94647080ba3daf28acc996f?s=96&d=mm&r=g","contentUrl":"https:\/\/secure.gravatar.com\/avatar\/a9746e98ca2e2f70b5a27152f3c84a8a8287090ef94647080ba3daf28acc996f?s=96&d=mm&r=g","caption":"Mois\u00e8s Fern\u00e1ndez"},"url":"https:\/\/www.artelista.com\/blog\/author\/mfernandez\/"}]}},"_links":{"self":[{"href":"https:\/\/www.artelista.com\/blog\/wp-json\/wp\/v2\/posts\/3861","targetHints":{"allow":["GET"]}}],"collection":[{"href":"https:\/\/www.artelista.com\/blog\/wp-json\/wp\/v2\/posts"}],"about":[{"href":"https:\/\/www.artelista.com\/blog\/wp-json\/wp\/v2\/types\/post"}],"author":[{"embeddable":true,"href":"https:\/\/www.artelista.com\/blog\/wp-json\/wp\/v2\/users\/6"}],"replies":[{"embeddable":true,"href":"https:\/\/www.artelista.com\/blog\/wp-json\/wp\/v2\/comments?post=3861"}],"version-history":[{"count":5,"href":"https:\/\/www.artelista.com\/blog\/wp-json\/wp\/v2\/posts\/3861\/revisions"}],"predecessor-version":[{"id":3881,"href":"https:\/\/www.artelista.com\/blog\/wp-json\/wp\/v2\/posts\/3861\/revisions\/3881"}],"wp:featuredmedia":[{"embeddable":true,"href":"https:\/\/www.artelista.com\/blog\/wp-json\/wp\/v2\/media\/3873"}],"wp:attachment":[{"href":"https:\/\/www.artelista.com\/blog\/wp-json\/wp\/v2\/media?parent=3861"}],"wp:term":[{"taxonomy":"category","embeddable":true,"href":"https:\/\/www.artelista.com\/blog\/wp-json\/wp\/v2\/categories?post=3861"},{"taxonomy":"post_tag","embeddable":true,"href":"https:\/\/www.artelista.com\/blog\/wp-json\/wp\/v2\/tags?post=3861"}],"curies":[{"name":"wp","href":"https:\/\/api.w.org\/{rel}","templated":true}]}}