{"id":4625,"date":"2016-09-21T09:51:06","date_gmt":"2016-09-21T09:51:06","guid":{"rendered":"http:\/\/www.artelista.com\/blog\/?p=4625"},"modified":"2016-09-21T10:14:09","modified_gmt":"2016-09-21T10:14:09","slug":"un-otono-de-arte-y-exposiciones","status":"publish","type":"post","link":"https:\/\/www.artelista.com\/blog\/un-otono-de-arte-y-exposiciones\/","title":{"rendered":"Un oto\u00f1o de arte y exposiciones"},"content":{"rendered":"<p><span style=\"font-weight: 400;\">Llega el oto\u00f1o y con \u00e9l <\/span><b>una nueva temporada cargada de grandes exposiciones en Espa\u00f1a<\/b><span style=\"font-weight: 400;\">. El protagonista indiscutible va a ser el artista Renoir ya que \u00a0el Museo Thyssen\u00a0 y la Fundaci\u00f3n Mapfre inauguran esta temporada con el pintor impresionista. Adem\u00e1s podemos destacar las exposiciones dedicadas a <\/span><b>Clara Peeters<\/b><span style=\"font-weight: 400;\"> y a <\/span><b>Marcel Broodthaers, <\/b><span style=\"font-weight: 400;\">a <\/span><b>los fauvistas<\/b><span style=\"font-weight: 400;\"> en la<\/span> <span style=\"font-weight: 400;\">Fundaci\u00f3n Mapfre o a los reconocidos fot\u00f3grafos <\/span><b>Robert Doisneau <\/b><span style=\"font-weight: 400;\">y <\/span><b>Robert Capa.<\/b><\/p>\n<p><b>Renoir este oto\u00f1o<\/b><\/p>\n<p><span style=\"font-weight: 400;\">El <\/span><b>Museo Thyssen<\/b><span style=\"font-weight: 400;\">\u00a0le dedica la primera retrospectiva hecha en Espa\u00f1a, y en la sede de la\u00a0<\/span><b>Fundaci\u00f3n Mapfre<\/b><span style=\"font-weight: 400;\">\u00a0en Barcelona\u00a0se podr\u00e1 ver una de sus obras m\u00e1s m\u00edticas <\/span><i><span style=\"font-weight: 400;\">Bail du Moulin de la Galette<\/span><\/i><span style=\"font-weight: 400;\">, dentro de la muestra que analiza su relaci\u00f3n con las mujeres. <\/span><\/p>\n<p><b>El Museo Thyssen\u00a0 inaugura la exposici\u00f3n \u00ab<\/b><b><i><a href=\"http:\/\/www.museothyssen.org\/thyssen\/exposiciones_proximas\/142\">Renoir. Intimidad<\/a>\u00ab<\/i><\/b> <span style=\"font-weight: 400;\">el 18 de octubre y se podr\u00e1 visitar hasta el 22 de enero de 2017. En la exposici\u00f3n se examina el papel central que ocupan las sensaciones t\u00e1ctiles en los lienzos de Pierre-Auguste Renoir, y que pueden percibirse en las distintas etapas de su trayectoria y en una amplia variedad de g\u00e9neros, tanto en escenas de grupo, retratos y desnudos como en naturalezas muertas y paisajes.\u00a0La muestra nos presenta un recorrido por m\u00e1s de 70 obras del artista franc\u00e9s, procedentes de museos y colecciones de todo el mundo. Se centra en c\u00f3mo se serv\u00eda de las sugerencias t\u00e1ctiles de volumen, materia o texturas como veh\u00edculo para plasmar la intimidad.\u00a0La muestra comisariada por Guillermo Solana, director art\u00edstico del Museo Thyssen, cuenta con el mecenazgo de Japan Tobacco International (JTI) y se exhibir\u00e1 posteriormente en el Museo de Bellas Artes de Bilbao, entre el 7 de febrero y el 15 de mayo de 2017.<\/span><\/p>\n<div id=\"attachment_4626\" style=\"width: 587px\" class=\"wp-caption aligncenter\"><a href=\"https:\/\/www.artelista.com\/blog\/un-otono-de-arte-y-exposiciones\/renoir-la-promenade\/\" target=\"_blank\" rel=\"attachment wp-att-4626\"><img loading=\"lazy\" decoding=\"async\" aria-describedby=\"caption-attachment-4626\" class=\"wp-image-4626\" src=\"https:\/\/www.artelista.com\/blog\/wp-content\/uploads\/2016\/09\/Renoir-La-Promenade.jpg\" alt=\"La Promenade (1870), Pierre-Auguste Renoir. \u00d3leo sobre lienzo. 81,3 x 64,8 cm (The J. Paul Getty Museum)\" width=\"577\" height=\"450\" srcset=\"https:\/\/www.artelista.com\/blog\/wp-content\/uploads\/2016\/09\/Renoir-La-Promenade.jpg 623w, https:\/\/www.artelista.com\/blog\/wp-content\/uploads\/2016\/09\/Renoir-La-Promenade-300x234.jpg 300w\" sizes=\"(max-width: 577px) 100vw, 577px\" \/><\/a><p id=\"caption-attachment-4626\" class=\"wp-caption-text\">La Promenade (1870), Pierre-Auguste Renoir. \u00d3leo sobre lienzo. 81,3 x 64,8 cm (The J. Paul Getty Museum)<\/p><\/div>\n<p>&nbsp;<\/p>\n<p><span style=\"font-weight: 400;\"><strong>Desde el 17 de septiembre y hasta el 8 de enero se puede visitar en la Fundaci\u00f3n Mapfre de la Casa Garriga i Nogu\u00e9s la exposici\u00f3n temporal Renoir entre mujeres \u201cDel ideal moderno al ideal cl\u00e1sico. Colecciones de los museos d\u00b4Orsay y de l\u00b4Orangerie\u201d.<\/strong> Esta exposici\u00f3n ha sido organizada y realizada con la colaboraci\u00f3n cient\u00edfica y los pr\u00e9stamos excepcionales de los museos d\u2019Orsay y de l\u00b4Orangerie. A \u00a0lo largo de su vida,\u00a0Pierre-Auguste Renoir\u00a0(Limoges 1841, Cagnes-sur-Mer 1919)\u00a0retrat\u00f3 una y otra vez a las mujeres. El pintor consigui\u00f3 que fueran las protagonistas indiscutibles de su particular universo art\u00edstico.\u00a0Su esposa, sus amantes, sus amigas, sus modelos, todas quedaron inmortalizadas en los lienzos. <strong>Esta exposici\u00f3n incluye alrededor de\u00a060 piezas\u00a0y presenta\u00a0una evoluci\u00f3n de la obra de Renoir desde un punto de vista nuevo, basado en las distintas interpretaciones que realiz\u00f3 de la imagen femenina a trav\u00e9s de su producci\u00f3n art\u00edstica.<\/strong> Destaca as\u00ed el protagonismo de la parisina moderna en sus lienzos impresionistas, la visi\u00f3n m\u00e1s intimista de la imagen maternal y la belleza intemporal del desnudo integrado en la naturaleza, caracter\u00edstico de sus \u00faltimos a\u00f1os.<\/span><\/p>\n<div id=\"attachment_4627\" style=\"width: 681px\" class=\"wp-caption aligncenter\"><a href=\"https:\/\/www.artelista.com\/blog\/un-otono-de-arte-y-exposiciones\/800px-pierre-auguste_renoir_le_moulin_de_la_galette\/\" target=\"_blank\" rel=\"attachment wp-att-4627\"><img loading=\"lazy\" decoding=\"async\" aria-describedby=\"caption-attachment-4627\" class=\"wp-image-4627\" src=\"https:\/\/www.artelista.com\/blog\/wp-content\/uploads\/2016\/09\/800px-Pierre-Auguste_Renoir_Le_Moulin_de_la_Galette.jpg\" alt=\"Bal du Moulin de la Galette (1876) Mus\u00e9e d\u00b4Orsay, Par\u00eds. Legado de Gustave Caillebotte 1894 RF 2739 \u00a9 RMN-Grand Palais (Mus\u00e9e d'Orsay) \/ Herv\u00e9 Lewandowski\" width=\"671\" height=\"500\" srcset=\"https:\/\/www.artelista.com\/blog\/wp-content\/uploads\/2016\/09\/800px-Pierre-Auguste_Renoir_Le_Moulin_de_la_Galette.jpg 800w, https:\/\/www.artelista.com\/blog\/wp-content\/uploads\/2016\/09\/800px-Pierre-Auguste_Renoir_Le_Moulin_de_la_Galette-300x224.jpg 300w, https:\/\/www.artelista.com\/blog\/wp-content\/uploads\/2016\/09\/800px-Pierre-Auguste_Renoir_Le_Moulin_de_la_Galette-768x572.jpg 768w\" sizes=\"(max-width: 671px) 100vw, 671px\" \/><\/a><p id=\"caption-attachment-4627\" class=\"wp-caption-text\">Bal du Moulin de la Galette (1876) Mus\u00e9e d\u00b4Orsay, Par\u00eds. Legado de Gustave Caillebotte 1894 RF 2739 \u00a9 RMN-Grand Palais (Mus\u00e9e d&#8217;Orsay) \/ Herv\u00e9 Lewandowski<\/p><\/div>\n<p>&nbsp;<\/p>\n<p><b>Grandes exposiciones de oto\u00f1o<\/b><\/p>\n<p><span style=\"font-weight: 400;\">Una de las exposiciones m\u00e1s esperadas del oto\u00f1o es la que\u00a0<\/span><a href=\"https:\/\/www.museodelprado.es\/aprende\/enciclopedia\/voz\/peeters-clara\/bb77a5c8-84f3-424a-a9df-4e512df39212\"><b>Museo del Prado<\/b><\/a><span style=\"font-weight: 400;\">\u00a0le dedicar\u00e1 en octubre a la pintora flamenca especializada en bodegones\u00a0<\/span><b>Clara Peeters<\/b><strong>.<\/strong><span style=\"font-weight: 400;\"><strong>\u00a0La pintora flamenca, hija de Jan Peeters \u00a0fue una artista precoz porque \u00a0sus obras firmadas m\u00e1s tempranas datan de 1608 y 1609.<\/strong> Sus trabajos de madurez presentan concomitancias con la pintura de bodegones de la escuela neerlandesa de Haarlem. Pintora de bodegones y floreros, sus composiciones est\u00e1n caracterizadas por la presentaci\u00f3n de objetos preciosos, de metal o cer\u00e1mica, junto a manjares y flores. Los objetos se disponen de forma sencilla, unos junto a otros, sin apenas superponerse. Su habilidad preciosista se advierte en la introducci\u00f3n de su autorretrato en el reflejo de las copas de orfebrer\u00eda que incluye en varios de <\/span><a href=\"https:\/\/www.museodelprado.es\/coleccion\/obra-de-arte\/mesa\/97a18fea-112a-417a-9a8a-6665a44cc331\"><span style=\"font-weight: 400;\">sus bodegones<\/span><\/a><span style=\"font-weight: 400;\">.<\/span><\/p>\n<div id=\"attachment_4628\" style=\"width: 650px\" class=\"wp-caption aligncenter\"><a href=\"https:\/\/www.artelista.com\/blog\/un-otono-de-arte-y-exposiciones\/clara-peeters\/\" target=\"_blank\" rel=\"attachment wp-att-4628\"><img loading=\"lazy\" decoding=\"async\" aria-describedby=\"caption-attachment-4628\" class=\"wp-image-4628 size-full\" src=\"https:\/\/www.artelista.com\/blog\/wp-content\/uploads\/2016\/09\/Clara-Peeters.jpg\" alt=\"Mesa, \u00f3leo sobre tabla, 52 x 73 cm, 1611 [P01620]\" width=\"640\" height=\"458\" srcset=\"https:\/\/www.artelista.com\/blog\/wp-content\/uploads\/2016\/09\/Clara-Peeters.jpg 640w, https:\/\/www.artelista.com\/blog\/wp-content\/uploads\/2016\/09\/Clara-Peeters-300x215.jpg 300w\" sizes=\"(max-width: 640px) 100vw, 640px\" \/><\/a><p id=\"caption-attachment-4628\" class=\"wp-caption-text\">Mesa, \u00f3leo sobre tabla, 52 x 73 cm, 1611 [P01620]<\/p><\/div>\n<p><span style=\"font-weight: 400;\">En el\u00a0<\/span><b>Museo Reina Sof\u00eda<\/b><span style=\"font-weight: 400;\"> la temporada comienza con una retrospectiva dedicada al artista\u00a0<\/span><a href=\"http:\/\/www.museoreinasofia.es\/exposiciones\/marcel-broodthaers\"><b>Marcel Broodthaers<\/b><span style=\"font-weight: 400;\">\u00a0<\/span><\/a><span style=\"font-weight: 400;\">(Bruselas, 1924 &#8211; Colonia, Alemania, 1976), instalado entonces en Par\u00eds donde trabajaba como incipiente escritor y cr\u00edtico de arte. El conjunto de la obra de Broodthaers, reunido para esta exposici\u00f3n antol\u00f3gica casi en su totalidad, nos acerca a una personalidad singular que logra elaborar un complejo pero homog\u00e9neo discurso po\u00e9tico y pl\u00e1stico al tiempo que se construye como personaje dentro de su creaci\u00f3n. Su producci\u00f3n examina los l\u00edmites del arte, de la experiencia del p\u00fablico y la construcci\u00f3n social del museo como instituci\u00f3n p\u00fablica; para lo que lo desborda las categor\u00edas tradicionales referidas a los g\u00e9neros art\u00edsticos. <strong>Objetos, poemas, m\u00faltiples, proyectos e instalaciones constituyen los dispositivos y soportes de unas piezas saturadas de referencias, citas y alusiones a la cultura literaria y visual contempor\u00e1neas.<\/strong><\/span><\/p>\n<p><span style=\"font-weight: 400;\">El trabajo de Broodthaers, en el que se advierte la herencia metodol\u00f3gica y conceptual de St\u00e9phane Mallarm\u00e9, se organiza principalmente en tres temas. El primero, el lenguaje en cuanto instrumento visual, en el que cabe incluir su pr\u00e1ctica de prolongaci\u00f3n del lenguaje:\u00a0<\/span><i><span style=\"font-weight: 400;\">Pense-B\u00eate<\/span><\/i><span style=\"font-weight: 400;\">\u00a0(1963),\u00a0<\/span><i><span style=\"font-weight: 400;\">Le Corbeau et le Renard<\/span><\/i><span style=\"font-weight: 400;\">\u00a0(1967),\u00a0<\/span><i><span style=\"font-weight: 400;\">Exposition litt\u00e9raire autour de Mallarm\u00e9\u00a0<\/span><\/i><span style=\"font-weight: 400;\">(1969),\u00a0<\/span><i><span style=\"font-weight: 400;\">Miroir (La signture de l\u00b4artiste)<\/span><\/i><span style=\"font-weight: 400;\">\u00a0(1971). En segundo lugar, el objeto en tanto que mercanc\u00eda, cuestionando la cosificaci\u00f3n de la obra de arte y el aura de la obra original, como se puede apreciar en\u00a0<\/span><i><span style=\"font-weight: 400;\">Jaula con huevos<\/span><\/i><span style=\"font-weight: 400;\">\u00a0(1965-1966) o en\u00a0<\/span><i><span style=\"font-weight: 400;\">Tabac belge<\/span><\/i><span style=\"font-weight: 400;\">\u00a0(1975). El tercero de los temas es la revisi\u00f3n cr\u00edtica de la instituci\u00f3n museo, ejemplificado por su gran proyecto\u00a0<\/span><i><span style=\"font-weight: 400;\">Mus\u00e9e d\u00b4Art Moderne. D\u00e9partement des Aigles<\/span><\/i><span style=\"font-weight: 400;\">\u00a0(1968-1972). <\/span><\/p>\n<p>&nbsp;<\/p>\n<div id=\"attachment_4629\" style=\"width: 659px\" class=\"wp-caption aligncenter\"><a href=\"https:\/\/www.artelista.com\/blog\/un-otono-de-arte-y-exposiciones\/marcel_b\/\" target=\"_blank\" rel=\"attachment wp-att-4629\"><img loading=\"lazy\" decoding=\"async\" aria-describedby=\"caption-attachment-4629\" class=\"wp-image-4629 size-full\" src=\"https:\/\/www.artelista.com\/blog\/wp-content\/uploads\/2016\/09\/marcel_b.jpg\" alt=\"Marcel Broodthaers.\u00a0Panel with Eggs and Stool, 1966. Instalaci\u00f3n. Colecci\u00f3n Museo Nacional Centro de Arte Reina Sof\u00eda, Madrid.\" width=\"649\" height=\"433\" srcset=\"https:\/\/www.artelista.com\/blog\/wp-content\/uploads\/2016\/09\/marcel_b.jpg 649w, https:\/\/www.artelista.com\/blog\/wp-content\/uploads\/2016\/09\/marcel_b-300x200.jpg 300w, https:\/\/www.artelista.com\/blog\/wp-content\/uploads\/2016\/09\/marcel_b-321x214.jpg 321w, https:\/\/www.artelista.com\/blog\/wp-content\/uploads\/2016\/09\/marcel_b-140x94.jpg 140w\" sizes=\"(max-width: 649px) 100vw, 649px\" \/><\/a><p id=\"caption-attachment-4629\" class=\"wp-caption-text\">Marcel Broodthaers.\u00a0Panel with Eggs and Stool, 1966. Instalaci\u00f3n. Colecci\u00f3n Museo Nacional Centro de Arte Reina Sof\u00eda, Madrid.<\/p><\/div>\n<p><span style=\"font-weight: 400;\">En cuanto a las exposiciones de pintura destaca la de los fauvistas, con especial presencia de Henri \u00a0Matisse\u00a0y Andr\u00e9s Derain en la Sala Recoletos de la <\/span><b>Fundaci\u00f3n Mapfre<\/b><span style=\"font-weight: 400;\">.<strong> El 22 de octubre se inaugura la exposici\u00f3n \u00ab<\/strong><\/span><b><i>Los fauves. La pasi\u00f3n por el color\u00bb<\/i><\/b><i><span style=\"font-weight: 400;\">. <\/span><\/i><span style=\"font-weight: 400;\">La muestra hace un recorrido por la<\/span><i><span style=\"font-weight: 400;\">\u00a0<\/span><\/i><span style=\"font-weight: 400;\">primera de las vanguardias hist\u00f3ricas que transformaron de forma radical el arte durante la primera mitad del siglo XX. <strong>El grupo de los Fauves, liderado por Henri Matisse, Andr\u00e9 Derain y Maurice de Vlaminck, hizo temblar los cimientos del arte<\/strong> de su tiempo con su innovador tratamiento del color, su factura en\u00e9rgica y su libertad de ejecuci\u00f3n, poniendo por primera vez en la historia el color en el centro del debate art\u00edstico. Se trata de la primera exposici\u00f3n en Espa\u00f1a en abordar el fauvismo en su conjunto y en profundidad. Para ello, se ha contado con el apoyo de un gran n\u00famero de colecciones privadas y m\u00e1s de 80 prestadores, entre los que destacan importantes instituciones como la TATE, el Centre Georges Pompidou, el Mus\u00e9e d\u2019art moderne de la Ville de Paris, la Kunstsammlung Nordrhein-Westfalen de D\u00fcsseldorf o el Milwaukee Museum of Art. <\/span><\/p>\n<div id=\"attachment_4630\" style=\"width: 670px\" class=\"wp-caption aligncenter\"><a href=\"https:\/\/www.artelista.com\/blog\/un-otono-de-arte-y-exposiciones\/los_fauves\/\" target=\"_blank\" rel=\"attachment wp-att-4630\"><img loading=\"lazy\" decoding=\"async\" aria-describedby=\"caption-attachment-4630\" class=\"wp-image-4630 size-full\" src=\"https:\/\/www.artelista.com\/blog\/wp-content\/uploads\/2016\/09\/los_fauves.jpg\" alt=\"Henri Matisse.\u00a0The dessert: Harmony in red, 1908. Hermitage Museum, St. Petersburgo.\" width=\"660\" height=\"335\" srcset=\"https:\/\/www.artelista.com\/blog\/wp-content\/uploads\/2016\/09\/los_fauves.jpg 660w, https:\/\/www.artelista.com\/blog\/wp-content\/uploads\/2016\/09\/los_fauves-300x152.jpg 300w\" sizes=\"(max-width: 660px) 100vw, 660px\" \/><\/a><p id=\"caption-attachment-4630\" class=\"wp-caption-text\">Henri Matisse.\u00a0The dessert: Harmony in red, 1908. Hermitage Museum, St. Petersburgo.<\/p><\/div>\n<p>&nbsp;<\/p>\n<p>&nbsp;<\/p>\n<p><span style=\"font-weight: 400;\">Tambi\u00e9n destaca \u00ab<\/span><strong><i><a href=\"https:\/\/www.guggenheim-bilbao.es\/exposiciones\/francis-bacon-de-picasso-a-velazquez\/\">Francis Bacon: de Picasso a Vel\u00e1zquez<\/a>\u00ab<\/i><i>\u00a0<\/i> que se inaugura el \u00a030 de septiembre en el Museo Guggenheim Bilbao<\/strong><span style=\"font-weight: 400;\"> en colaboraci\u00f3n con\u00a0<\/span><a href=\"http:\/\/www.grimaldiforum.com\/\"><span style=\"font-weight: 400;\">Grimaldi Forum<\/span><\/a><span style=\"font-weight: 400;\">\u00a0M\u00f3naco. La exposici\u00f3n muestra una selecci\u00f3n de <strong>noventa pinturas que se cuentan entre las m\u00e1s importantes y atractivas de este artista brit\u00e1nico nacido en Irlanda<\/strong>, incluyendo muchos trabajos que apenas se han exhibido en p\u00fablico previamente, junto a la obra de distintos maestros cl\u00e1sicos que influyeron en su carrera. Intenta profundizar en la impronta que las culturas francesa y espa\u00f1ola dejaron en la obra de Bacon, ferviente franc\u00f3filo y gran conocedor del arte de grandes maestros espa\u00f1oles, como Vel\u00e1zquez. <\/span><\/p>\n<p><span style=\"font-weight: 400;\">M\u00e1s all\u00e1 de sus primeros encuentros parisinos con la obra de Picasso en los a\u00f1os veinte y treinta, su relaci\u00f3n con la cultura espa\u00f1ola se manifiesta principalmente en su obsesi\u00f3n por el <\/span><i><span style=\"font-weight: 400;\">Retrato del Papa Inocencio x<\/span><\/i><span style=\"font-weight: 400;\">, realizado por Vel\u00e1zquez en 1650. Pese a haber tenido la oportunidad de contemplar esta obra directamente en la Galer\u00eda Doria Pamphilj, durante un viaje que hizo a Roma en 1954, Bacon prefiri\u00f3 tener presentes en su memoria las reproducciones de la pintura, y no el original, durante la creaci\u00f3n de las m\u00e1s de cincuenta obras que dedic\u00f3 a este motivo. Adem\u00e1s de Vel\u00e1zquez, a Bacon le fascinaron otros maestros cl\u00e1sicos, como Zurbar\u00e1n, El Greco o Goya, cuya obra pudo admirar en el Museo del Prado de Madrid.<\/span><\/p>\n<div id=\"attachment_4631\" style=\"width: 1038px\" class=\"wp-caption aligncenter\"><a href=\"https:\/\/www.artelista.com\/blog\/un-otono-de-arte-y-exposiciones\/francis_bacon_picasso_velazquez1-1\/\" target=\"_blank\" rel=\"attachment wp-att-4631\"><img loading=\"lazy\" decoding=\"async\" aria-describedby=\"caption-attachment-4631\" class=\"wp-image-4631\" src=\"https:\/\/www.artelista.com\/blog\/wp-content\/uploads\/2016\/09\/francis_bacon_picasso_velazquez1-1.jpg\" alt=\"Francis Bacon Tres estudios para una crucifixi\u00f3n\u00a0(Three Studies for a Crucifixion), marzo, 1962 \u00d3leo con arena sobre lienzo, tres paneles 198,1 x 144,8 cm cada uno Solomon R. Guggenheim Museum, Nueva York, 64.1700 \u00a9 The Estate of Francis Bacon. All rights reserved. DACS\/VEGAP. Bilbao, 2015\" width=\"1028\" height=\"450\" srcset=\"https:\/\/www.artelista.com\/blog\/wp-content\/uploads\/2016\/09\/francis_bacon_picasso_velazquez1-1.jpg 2431w, https:\/\/www.artelista.com\/blog\/wp-content\/uploads\/2016\/09\/francis_bacon_picasso_velazquez1-1-300x131.jpg 300w, https:\/\/www.artelista.com\/blog\/wp-content\/uploads\/2016\/09\/francis_bacon_picasso_velazquez1-1-768x336.jpg 768w, https:\/\/www.artelista.com\/blog\/wp-content\/uploads\/2016\/09\/francis_bacon_picasso_velazquez1-1-1024x448.jpg 1024w\" sizes=\"(max-width: 1028px) 100vw, 1028px\" \/><\/a><p id=\"caption-attachment-4631\" class=\"wp-caption-text\">Francis Bacon Tres estudios para una crucifixi\u00f3n\u00a0(Three Studies for a Crucifixion), marzo, 1962 \u00d3leo con arena sobre lienzo, tres paneles 198,1 x 144,8 cm cada uno Solomon R. Guggenheim Museum, Nueva York, 64.1700 \u00a9 The Estate of Francis Bacon. All rights reserved. DACS\/VEGAP. Bilbao, 2015<\/p><\/div>\n<p>&nbsp;<\/p>\n<p><span style=\"font-weight: 400;\">Tambi\u00e9n <strong>la exposici\u00f3n \u00ab<\/strong><\/span><strong><i><a href=\"http:\/\/www.bcn.cat\/museupicasso\/es\/exposiciones\/cubismo-y-guerra.html\">Cubismo y la guerra<\/a>\u00ab<\/i><\/strong><span style=\"font-weight: 400;\"><strong> del Museo Picasso barcelon\u00e9s, con\u00a0Picasso, Rivera y Gris\u00a0como grandes protagonistas que se inaugura el 21 de octubre<\/strong>. Una exposici\u00f3n que se centra en la supervivencia de la vanguardia art\u00edstica europea establecida en Par\u00eds durante la Primera Guerra Mundial (1914-1918), y su respuesta a la angustia, el dolor y el peligro que signific\u00f3 este gran conflicto con el desarrollo de un movimiento art\u00edstico que potenci\u00f3 una est\u00e9tica cubista con elementos arquitect\u00f3nicos, basada en la estabilidad y la integridad.<\/span><\/p>\n<p><span style=\"font-weight: 400;\"><strong>La exposici\u00f3n presentar\u00e1 una selecci\u00f3n de cerca de 80 obras realizadas entre 1913 y 1919. Los artistas centrales de la exposici\u00f3n son tres extranjeros residentes en Francia, que por esa misma condici\u00f3n de extranjeros no pudieron participar de primera mano en la campa\u00f1a militar: Pablo Picasso, Juan Gris y Diego Rivera.<\/strong> Asimismo, la muestra explorar\u00e1 el importante papel de otros artistas en circunstancias similares, como Mar\u00eda Blanchard, Gino Severini y Jacques Lipchitz; y el de artistas franceses que por diversas circunstancias no pudieron unirse a la contienda, como Henri Laurens y Henri Matisse, quien realiz\u00f3 algunas de sus obras m\u00e1s experimentales durante ese per\u00edodo.<\/span><\/p>\n<p><span style=\"font-weight: 400;\">Aunque el \u00e9nfasis de la exposici\u00f3n estar\u00e1 en los artistas no combatientes y su evoluci\u00f3n creativa, tambi\u00e9n se explorar\u00e1 la respuesta art\u00edstica de los dos grandes cubistas que sobrevivieron a la acci\u00f3n en las trincheras: Georges Braque y Fernand L\u00e9ger.<\/span><\/p>\n<p><iframe loading=\"lazy\" src=\"https:\/\/www.youtube.com\/embed\/cAwIJj_fwiM\" width=\"560\" height=\"315\" frameborder=\"0\" allowfullscreen=\"allowfullscreen\"><\/iframe><\/p>\n<p><b>Un oto\u00f1o de fotograf\u00eda<\/b><\/p>\n<p><span style=\"font-weight: 400;\">En cuanto a la fotograf\u00eda en octubre se podr\u00e1n ver las ic\u00f3nicas im\u00e1genes de Par\u00eds en blanco y negro hechas por\u00a0<\/span><b>Robert Doisneau,<\/b><span style=\"font-weight: 400;\">\u00a0mientras que el C\u00edrculo de Bellas Artes\u00a0ceder\u00e1 sus paredes a\u00a0las fotograf\u00edas de\u00a0<\/span><b>Capa\u00a0<\/b><span style=\"font-weight: 400;\">hechas en color. Tambi\u00e9n en la Fundaci\u00f3n Mapfre se instalar\u00e1\u00a0<\/span><b>Bruce Davison,\u00a0<\/b><span style=\"font-weight: 400;\">y en CaixaForum Madrid,\u00a0<\/span><b>Cristina Garc\u00eda Rodero\u00a0<\/b><span style=\"font-weight: 400;\">y su homenaje a las mujeres de la Antapurna. Otra de las muestras m\u00e1s interesantes es la que\u00a0el MUSAC organiza sobre\u00a0<\/span><b>Gustav Metzger<\/b><span style=\"font-weight: 400;\">, un artista rescatado de un campo de concentraci\u00f3n cuya obra siempre se ha centrado en promover el pensamiento cr\u00edtico para evitar otro Holocausto.<\/span><\/p>\n<p><span style=\"font-weight: 400;\">La <\/span><a href=\"http:\/\/www.fundacioncanal.com\/15912\/robert-doisneau\/?par=exposiciones\"><b>Fundaci\u00f3n Canal<\/b><\/a><span style=\"font-weight: 400;\"> en Madrid sorprende este oto\u00f1o con la exposici\u00f3n \u00ab<\/span><b><i>Robert Doisneau La belleza de lo cotidiano\u00bb<\/i><\/b><span style=\"font-weight: 400;\">. <strong>El fot\u00f3grafo es una de las grandes figuras del siglo XX<\/strong>. Logr\u00f3 pertenecer, por derecho propio, a un selecto grupo de artistas que hoy se consideran los grandes mitos de la fotograf\u00eda universal.\u00a0 Esta exposici\u00f3n re\u00fane en un mismo espacio varias de sus obras emblem\u00e1ticas y otras nunca o muy poco vistas que descubrir\u00e1n una faceta inesperada y desconocida del artista. Una oportunidad \u00fanica de aproximarse de una forma diferente a la obra del fot\u00f3grafo empe\u00f1ado en mostrar la vida no como es, sino como a \u00e9l le hubiera gustado que fuera.<\/span><\/p>\n<p><span style=\"font-weight: 400;\">Tambi\u00e9n la dedicada a <\/span><b>Robert Capa<\/b><span style=\"font-weight: 400;\"> en el <\/span><a href=\"http:\/\/www.circulobellasartes.com\/exposiciones\/capa-en-color\/\"><b>C\u00edrculo de Bellas Artes de Madrid<\/b><\/a><span style=\"font-weight: 400;\">, uno de los m\u00e1s notables fotoperiodistas de todos los tiempos. Nacido Endre Friedmann en Budapest y nacionalizado estadounidense en 1946, consolid\u00f3 su reputaci\u00f3n con sus fotograf\u00edas de la Guerra Civil espa\u00f1ola, donde estuvo presente en todos los frentes de combate. Como reportero, a lo largo de su carrera, reflej\u00f3 en im\u00e1genes la brutalidad de la contienda y \u00e9stas cambiaron para siempre la percepci\u00f3n y los est\u00e1ndares de la fotograf\u00eda de guerra.<\/span><\/p>\n<p><span style=\"font-weight: 400;\">La muestra presenta las primeras fotograf\u00edas de \u00ab<\/span><b><a href=\"http:\/\/www.circulobellasartes.com\/exposiciones\/capa-en-color\/\">Capa en color<\/a>\u00ab<\/b><span style=\"font-weight: 400;\"> donde retrata a las tropas americanas e inglesas durante la Segunda Guerra Mundial, en momentos de descanso o de ocio. Tambi\u00e9n presenta fotograf\u00edas de estaciones de esqu\u00ed en Suiza o Los Alpes, hasta espectadores en las pistas de Longchamp, personalidades de la cultura, modelos de moda o simplemente gente en caf\u00e9s. Algunas de las fotograf\u00edas que presenta esta muestra fueron, en su momento, publicadas en revistas, pero no hab\u00edan sido impresas ni expuestas hasta el momento en Espa\u00f1a.\u00a0<strong>Capa en color\u00a0recoge m\u00e1s de 150 instant\u00e1neas en color y\u00a0tearsheets\u00a0de las publicaciones, junto con algunos documentos personales<\/strong>. Comisariada por Cynthia Young (Conservadora en el International Center of Photography, ICP), la exposici\u00f3n presenta un aspecto excepcional de la carrera del fot\u00f3grafo y corresponsal.<\/span><\/p>\n<p>&nbsp;<\/p>\n<div id=\"attachment_4632\" style=\"width: 820px\" class=\"wp-caption aligncenter\"><a href=\"https:\/\/www.artelista.com\/blog\/un-otono-de-arte-y-exposiciones\/robert-capa-spectators-at-the-longchamp-racecourse-paris-ca-1952-robert-capainternational-center-of-photographymagnum-photos-810x456_c\/\" target=\"_blank\" rel=\"attachment wp-att-4632\"><img loading=\"lazy\" decoding=\"async\" aria-describedby=\"caption-attachment-4632\" class=\"wp-image-4632 size-full\" src=\"https:\/\/www.artelista.com\/blog\/wp-content\/uploads\/2016\/09\/Robert-Capa-Spectators-at-the-Longchamp-Racecourse-Paris-ca.-1952.-\u00a9-Robert-CapaInternational-Center-of-PhotographyMagnum-Photos-810x456_c.jpg\" alt=\"Robert Capa, [Spectators at the Longchamp Racecourse, Paris], ca. 1952. \u00a9 Robert Capa\/International Center of Photography\/Magnum Photos\" width=\"810\" height=\"456\" srcset=\"https:\/\/www.artelista.com\/blog\/wp-content\/uploads\/2016\/09\/Robert-Capa-Spectators-at-the-Longchamp-Racecourse-Paris-ca.-1952.-\u00a9-Robert-CapaInternational-Center-of-PhotographyMagnum-Photos-810x456_c.jpg 810w, https:\/\/www.artelista.com\/blog\/wp-content\/uploads\/2016\/09\/Robert-Capa-Spectators-at-the-Longchamp-Racecourse-Paris-ca.-1952.-\u00a9-Robert-CapaInternational-Center-of-PhotographyMagnum-Photos-810x456_c-300x169.jpg 300w, https:\/\/www.artelista.com\/blog\/wp-content\/uploads\/2016\/09\/Robert-Capa-Spectators-at-the-Longchamp-Racecourse-Paris-ca.-1952.-\u00a9-Robert-CapaInternational-Center-of-PhotographyMagnum-Photos-810x456_c-768x432.jpg 768w\" sizes=\"(max-width: 810px) 100vw, 810px\" \/><\/a><p id=\"caption-attachment-4632\" class=\"wp-caption-text\">Robert Capa, [Spectators at the Longchamp Racecourse, Paris], ca. 1952. \u00a9 Robert Capa\/International Center of Photography\/Magnum Photos<\/p><\/div>\n<p>Tambi\u00e9n en Madrid,\u00a0Fundaci\u00f3n Mapfre presenta en la Sala B\u00e1rbara de Braganza la exposici\u00f3n de fotograf\u00eda\u00a0<strong><a href=\"http:\/\/exposiciones.fundacionmapfre.org\/exposiciones\/es\/brucedavidson\/\">Bruce Davison<\/a><\/strong>, desde el 22 de septiembre tras su paso por la sala Garriga i Nogu\u00e9s de Barcelona. Se trata de la retrospectiva m\u00e1s completa hasta el momento dedicada al artista norteamericano de 82 a\u00f1os, uno de los m\u00e1s destacados fot\u00f3grafos de la denominada fotograf\u00eda humanista y miembro de la agencia Magnum.\u00a0\u00a0La exposici\u00f3n, compuesta por 190 fotograf\u00edas y material documental, se articula en 12 series ordenadas cronol\u00f3gicamente que recogen los trabajos m\u00e1s importantes de toda su producci\u00f3n. Entre ellas destacan las conocidas <em>Bandas de Brooklyn<\/em> (1959),\u00a0<em>Calle 100 Este<\/em>\u00a0(1966-1968) o\u00a0<em>Tiempo de cambio<\/em>\u00a0(1961 y 1965), que le permitieron conectar con las comunidades y barrios de Estados Unidos para mostrar su realidad.<\/p>\n<p><strong>El <a href=\"https:\/\/espacio.fundaciontelefonica.com\/evento\/hitchcock-mas-alla-del-suspense\/\">Espacio Fundaci\u00f3n Telef\u00f3nica<\/a> sorprender\u00e1 \u00a0este oto\u00f1o con su exposici\u00f3n dedicada Alfred Hitchcock<\/strong><span style=\"font-weight: 400;\">, uno de los grandes maestros del suspense. Uno de los cineastas m\u00e1s brillantes de su \u00e9poca pero, al mismo tiempo, supo combinar las exigencias comerciales con el desarrollo de una obra marcada por su propio estilo basado en un esp\u00edritu y unas formas repetidas pel\u00edcula tras pel\u00edcula. La muestra \u00ab<\/span><b><i><a href=\"https:\/\/espacio.fundaciontelefonica.com\/evento\/hitchcock-mas-alla-del-suspense\/\">Hitchcock, m\u00e1s all\u00e1 del suspense<\/a>\u00ab<\/i><\/b><span style=\"font-weight: 400;\"> gira en torno a esa idea de un Hitchcock creador total, del Hitchcock autor.<\/span><\/p>\n<p><span style=\"font-weight: 400;\">La exposici\u00f3n presenta algunos de las claves del estilo de Hitchcock como su dominio de recursos del arte y el cine de vanguardia, su destreza para rodearse de grandes colaboradores, desde t\u00e9cnicos y actores a dise\u00f1adores y guionistas, sobre los que ejerc\u00eda un control f\u00e9rreo o el papel fundamental que tuvieron en sus obras los personajes femeninos y las relaciones complejas entre los dos sexos. La muestra\u00a0Hitchcock, m\u00e1s all\u00e1 del suspense, comisariada por el\u00a0profesor de Historia del Cine y de Historia de la Fotograf\u00eda en la facultad de Bellas Artes de la Universidad de Salamanca (USAL), colaborador en distintos medios\u00a0nacionales y extranjeros, y\u00a0tambi\u00e9n director de cine Pablo Llorca gira en torno a esa idea de un Hitchcock creador total, del Hitchcock autor. <strong>La exposici\u00f3n\u00a0podr\u00e1 verse en la tercera planta del Espacio Fundaci\u00f3n Telef\u00f3nica del 5 de octubre de 2016 hasta el 5 de febrero de 2017.<\/strong><\/span><\/p>\n<p><span style=\"font-weight: 400;\">Y por \u00faltimo en el\u00a0<\/span><a href=\"http:\/\/www.macba.cat\/es\/expo-miralda-madeinusa\"><span style=\"font-weight: 400;\">MACBA<\/span><\/a><span style=\"font-weight: 400;\"> podremos contemplar la exposici\u00f3n \u00ab<\/span><b>Miralda. MADEINUSA\u00bb<\/b><span style=\"font-weight: 400;\"><strong> centrada\u00a0en la contracultura de los a\u00f1os ochenta donde se exhibir\u00e1n varias instalaciones, v\u00eddeos, c\u00f3mics y fanzines para analizar\u00a0el uso pol\u00edtico de la cultura de la \u00e9poca<\/strong>. \u00a0Con cinco d\u00e9cadas de trayectoria art\u00edstica, Antoni Miralda (Terrassa, Espa\u00f1a, 1942) ha convertido un acto tan universal como la comida en un universo creativo. Instalado en Par\u00eds en 1962, fue un pionero en la realizaci\u00f3n de trabajos y rituales colectivos que celebraban el ceremonial de la comida partiendo del color y su simbolismo. La exposici\u00f3n \u00ab<\/span><b>Miralda. MADEINUSA\u00bb<\/b><span style=\"font-weight: 400;\">\u00a0recupera la totalidad de los proyectos del artista relacionados con su estancia en Estados Unidos. Comisariada por Vicent Todol\u00ed y producida por el MACBA, se presentar\u00e1 <strong>en Barcelona desde el 20 de octubre de 2016 hasta marzo de 2017<\/strong>. En estrecha colaboraci\u00f3n con el artista y con su archivo,\u00a0<strong>la exposici\u00f3n documentar\u00e1 por primera vez y de forma exhaustiva los 14 proyectos realizados por Miralda en Estados Unidos<\/strong>, desde mediados de los a\u00f1os setenta hasta finales de los noventa. Se reconstruir\u00e1n las instalaciones m\u00e1s significativas y se mostrar\u00e1n esculturas, dibujos, fotograf\u00edas, audiovisuales, bocetos y otros materiales que permitir\u00e1n hacerse una idea del alcance y la complejidad de los proyectos y dimensionar la voluntad colectiva que caracteriza la metodolog\u00eda del artista.\u00a0<\/span><span style=\"font-weight: 400;\"><br \/>\n<\/span><span style=\"font-weight: 400;\"><br \/>\n<\/span><span style=\"font-weight: 400;\">Entre sus obras destacadas, se mostrar\u00e1\u00a0<em>Breadline<\/em>\u00a0(1977), <em>Wheat &amp; Steak<\/em>\u00a0(1981), <em>El Internacional Tapas Bar &amp; Restaurant<\/em>\u00a0(1984-1986) y\u00a0<em>Honeymoon Project<\/em>\u00a0(1986-1992). La exposici\u00f3n presentar\u00e1 tambi\u00e9n la gran instalaci\u00f3n que forma parte de la Colecci\u00f3n MACBA,\u00a0<\/span><a href=\"http:\/\/www.macba.cat\/es\/santa-comida-0508\"><span style=\"font-weight: 400;\">Santa Comida<\/span><\/a><span style=\"font-weight: 400;\">\u00a0(1984-1989), que recoge el legado de la cultura afro-caribe\u00f1a en la Am\u00e9rica actual.<\/span><\/p>\n","protected":false},"excerpt":{"rendered":"<p>Llega el oto\u00f1o y con \u00e9l una nueva temporada cargada de grandes exposiciones en Espa\u00f1a. El protagonista indiscutible va a ser el artista Renoir ya que \u00a0el Museo Thyssen\u00a0 y la Fundaci\u00f3n Mapfre inauguran esta temporada con el pintor impresionista. Adem\u00e1s podemos destacar las exposiciones dedicadas a Clara Peeters y a Marcel Broodthaers, a los [&hellip;]<\/p>\n","protected":false},"author":8,"featured_media":4626,"comment_status":"open","ping_status":"open","sticky":false,"template":"","format":"standard","meta":{"_et_pb_use_builder":"","_et_pb_old_content":"","_et_gb_content_width":"","footnotes":""},"categories":[2,1],"tags":[],"class_list":["post-4625","post","type-post","status-publish","format-standard","has-post-thumbnail","hentry","category-exposiciones","category-noticias","et-has-post-format-content","et_post_format-et-post-format-standard"],"yoast_head":"<!-- This site is optimized with the Yoast SEO plugin v26.0 - https:\/\/yoast.com\/wordpress\/plugins\/seo\/ -->\n<title>Un oto\u00f1o de arte y exposiciones - Artelista Magazine<\/title>\n<meta name=\"robots\" content=\"index, follow, max-snippet:-1, max-image-preview:large, max-video-preview:-1\" \/>\n<link rel=\"canonical\" href=\"https:\/\/www.artelista.com\/blog\/un-otono-de-arte-y-exposiciones\/\" \/>\n<meta property=\"og:locale\" content=\"es_ES\" \/>\n<meta property=\"og:type\" content=\"article\" \/>\n<meta property=\"og:title\" content=\"Un oto\u00f1o de arte y exposiciones - Artelista Magazine\" \/>\n<meta property=\"og:description\" content=\"Llega el oto\u00f1o y con \u00e9l una nueva temporada cargada de grandes exposiciones en Espa\u00f1a. El protagonista indiscutible va a ser el artista Renoir ya que \u00a0el Museo Thyssen\u00a0 y la Fundaci\u00f3n Mapfre inauguran esta temporada con el pintor impresionista. Adem\u00e1s podemos destacar las exposiciones dedicadas a Clara Peeters y a Marcel Broodthaers, a los [&hellip;]\" \/>\n<meta property=\"og:url\" content=\"https:\/\/www.artelista.com\/blog\/un-otono-de-arte-y-exposiciones\/\" \/>\n<meta property=\"og:site_name\" content=\"Artelista Magazine\" \/>\n<meta property=\"article:publisher\" content=\"https:\/\/www.facebook.com\/Artelista\" \/>\n<meta property=\"article:published_time\" content=\"2016-09-21T09:51:06+00:00\" \/>\n<meta property=\"article:modified_time\" content=\"2016-09-21T10:14:09+00:00\" \/>\n<meta property=\"og:image\" content=\"https:\/\/www.artelista.com\/blog\/wp-content\/uploads\/2016\/09\/Renoir-La-Promenade.jpg\" \/>\n\t<meta property=\"og:image:width\" content=\"623\" \/>\n\t<meta property=\"og:image:height\" content=\"486\" \/>\n\t<meta property=\"og:image:type\" content=\"image\/jpeg\" \/>\n<meta name=\"author\" content=\"Carmen F. Etreros\" \/>\n<meta name=\"twitter:card\" content=\"summary_large_image\" \/>\n<meta name=\"twitter:creator\" content=\"@Artelista\" \/>\n<meta name=\"twitter:site\" content=\"@Artelista\" \/>\n<meta name=\"twitter:label1\" content=\"Escrito por\" \/>\n\t<meta name=\"twitter:data1\" content=\"Carmen F. Etreros\" \/>\n\t<meta name=\"twitter:label2\" content=\"Tiempo de lectura\" \/>\n\t<meta name=\"twitter:data2\" content=\"15 minutos\" \/>\n<script type=\"application\/ld+json\" class=\"yoast-schema-graph\">{\"@context\":\"https:\/\/schema.org\",\"@graph\":[{\"@type\":\"WebPage\",\"@id\":\"https:\/\/www.artelista.com\/blog\/un-otono-de-arte-y-exposiciones\/\",\"url\":\"https:\/\/www.artelista.com\/blog\/un-otono-de-arte-y-exposiciones\/\",\"name\":\"Un oto\u00f1o de arte y exposiciones - Artelista Magazine\",\"isPartOf\":{\"@id\":\"https:\/\/www.artelista.com\/blog\/#website\"},\"primaryImageOfPage\":{\"@id\":\"https:\/\/www.artelista.com\/blog\/un-otono-de-arte-y-exposiciones\/#primaryimage\"},\"image\":{\"@id\":\"https:\/\/www.artelista.com\/blog\/un-otono-de-arte-y-exposiciones\/#primaryimage\"},\"thumbnailUrl\":\"https:\/\/www.artelista.com\/blog\/wp-content\/uploads\/2016\/09\/Renoir-La-Promenade.jpg\",\"datePublished\":\"2016-09-21T09:51:06+00:00\",\"dateModified\":\"2016-09-21T10:14:09+00:00\",\"author\":{\"@id\":\"https:\/\/www.artelista.com\/blog\/#\/schema\/person\/aef95afe6c7082892fb5d1ff27400c88\"},\"breadcrumb\":{\"@id\":\"https:\/\/www.artelista.com\/blog\/un-otono-de-arte-y-exposiciones\/#breadcrumb\"},\"inLanguage\":\"es\",\"potentialAction\":[{\"@type\":\"ReadAction\",\"target\":[\"https:\/\/www.artelista.com\/blog\/un-otono-de-arte-y-exposiciones\/\"]}]},{\"@type\":\"ImageObject\",\"inLanguage\":\"es\",\"@id\":\"https:\/\/www.artelista.com\/blog\/un-otono-de-arte-y-exposiciones\/#primaryimage\",\"url\":\"https:\/\/www.artelista.com\/blog\/wp-content\/uploads\/2016\/09\/Renoir-La-Promenade.jpg\",\"contentUrl\":\"https:\/\/www.artelista.com\/blog\/wp-content\/uploads\/2016\/09\/Renoir-La-Promenade.jpg\",\"width\":623,\"height\":486},{\"@type\":\"BreadcrumbList\",\"@id\":\"https:\/\/www.artelista.com\/blog\/un-otono-de-arte-y-exposiciones\/#breadcrumb\",\"itemListElement\":[{\"@type\":\"ListItem\",\"position\":1,\"name\":\"Home\",\"item\":\"https:\/\/www.artelista.com\/blog\/\"},{\"@type\":\"ListItem\",\"position\":2,\"name\":\"Un oto\u00f1o de arte y exposiciones\"}]},{\"@type\":\"WebSite\",\"@id\":\"https:\/\/www.artelista.com\/blog\/#website\",\"url\":\"https:\/\/www.artelista.com\/blog\/\",\"name\":\"Artelista Magazine\",\"description\":\"La revista de arte de Artelista\",\"potentialAction\":[{\"@type\":\"SearchAction\",\"target\":{\"@type\":\"EntryPoint\",\"urlTemplate\":\"https:\/\/www.artelista.com\/blog\/?s={search_term_string}\"},\"query-input\":{\"@type\":\"PropertyValueSpecification\",\"valueRequired\":true,\"valueName\":\"search_term_string\"}}],\"inLanguage\":\"es\"},{\"@type\":\"Person\",\"@id\":\"https:\/\/www.artelista.com\/blog\/#\/schema\/person\/aef95afe6c7082892fb5d1ff27400c88\",\"name\":\"Carmen F. Etreros\",\"image\":{\"@type\":\"ImageObject\",\"inLanguage\":\"es\",\"@id\":\"https:\/\/www.artelista.com\/blog\/#\/schema\/person\/image\/\",\"url\":\"https:\/\/secure.gravatar.com\/avatar\/e921b732e8575051407173a002830f0e7d03227531dc5e601107f3bf6b1c03c0?s=96&d=mm&r=g\",\"contentUrl\":\"https:\/\/secure.gravatar.com\/avatar\/e921b732e8575051407173a002830f0e7d03227531dc5e601107f3bf6b1c03c0?s=96&d=mm&r=g\",\"caption\":\"Carmen F. Etreros\"},\"url\":\"https:\/\/www.artelista.com\/blog\/author\/cfetreros\/\"}]}<\/script>\n<!-- \/ Yoast SEO plugin. -->","yoast_head_json":{"title":"Un oto\u00f1o de arte y exposiciones - Artelista Magazine","robots":{"index":"index","follow":"follow","max-snippet":"max-snippet:-1","max-image-preview":"max-image-preview:large","max-video-preview":"max-video-preview:-1"},"canonical":"https:\/\/www.artelista.com\/blog\/un-otono-de-arte-y-exposiciones\/","og_locale":"es_ES","og_type":"article","og_title":"Un oto\u00f1o de arte y exposiciones - Artelista Magazine","og_description":"Llega el oto\u00f1o y con \u00e9l una nueva temporada cargada de grandes exposiciones en Espa\u00f1a. El protagonista indiscutible va a ser el artista Renoir ya que \u00a0el Museo Thyssen\u00a0 y la Fundaci\u00f3n Mapfre inauguran esta temporada con el pintor impresionista. Adem\u00e1s podemos destacar las exposiciones dedicadas a Clara Peeters y a Marcel Broodthaers, a los [&hellip;]","og_url":"https:\/\/www.artelista.com\/blog\/un-otono-de-arte-y-exposiciones\/","og_site_name":"Artelista Magazine","article_publisher":"https:\/\/www.facebook.com\/Artelista","article_published_time":"2016-09-21T09:51:06+00:00","article_modified_time":"2016-09-21T10:14:09+00:00","og_image":[{"width":623,"height":486,"url":"https:\/\/www.artelista.com\/blog\/wp-content\/uploads\/2016\/09\/Renoir-La-Promenade.jpg","type":"image\/jpeg"}],"author":"Carmen F. Etreros","twitter_card":"summary_large_image","twitter_creator":"@Artelista","twitter_site":"@Artelista","twitter_misc":{"Escrito por":"Carmen F. Etreros","Tiempo de lectura":"15 minutos"},"schema":{"@context":"https:\/\/schema.org","@graph":[{"@type":"WebPage","@id":"https:\/\/www.artelista.com\/blog\/un-otono-de-arte-y-exposiciones\/","url":"https:\/\/www.artelista.com\/blog\/un-otono-de-arte-y-exposiciones\/","name":"Un oto\u00f1o de arte y exposiciones - Artelista Magazine","isPartOf":{"@id":"https:\/\/www.artelista.com\/blog\/#website"},"primaryImageOfPage":{"@id":"https:\/\/www.artelista.com\/blog\/un-otono-de-arte-y-exposiciones\/#primaryimage"},"image":{"@id":"https:\/\/www.artelista.com\/blog\/un-otono-de-arte-y-exposiciones\/#primaryimage"},"thumbnailUrl":"https:\/\/www.artelista.com\/blog\/wp-content\/uploads\/2016\/09\/Renoir-La-Promenade.jpg","datePublished":"2016-09-21T09:51:06+00:00","dateModified":"2016-09-21T10:14:09+00:00","author":{"@id":"https:\/\/www.artelista.com\/blog\/#\/schema\/person\/aef95afe6c7082892fb5d1ff27400c88"},"breadcrumb":{"@id":"https:\/\/www.artelista.com\/blog\/un-otono-de-arte-y-exposiciones\/#breadcrumb"},"inLanguage":"es","potentialAction":[{"@type":"ReadAction","target":["https:\/\/www.artelista.com\/blog\/un-otono-de-arte-y-exposiciones\/"]}]},{"@type":"ImageObject","inLanguage":"es","@id":"https:\/\/www.artelista.com\/blog\/un-otono-de-arte-y-exposiciones\/#primaryimage","url":"https:\/\/www.artelista.com\/blog\/wp-content\/uploads\/2016\/09\/Renoir-La-Promenade.jpg","contentUrl":"https:\/\/www.artelista.com\/blog\/wp-content\/uploads\/2016\/09\/Renoir-La-Promenade.jpg","width":623,"height":486},{"@type":"BreadcrumbList","@id":"https:\/\/www.artelista.com\/blog\/un-otono-de-arte-y-exposiciones\/#breadcrumb","itemListElement":[{"@type":"ListItem","position":1,"name":"Home","item":"https:\/\/www.artelista.com\/blog\/"},{"@type":"ListItem","position":2,"name":"Un oto\u00f1o de arte y exposiciones"}]},{"@type":"WebSite","@id":"https:\/\/www.artelista.com\/blog\/#website","url":"https:\/\/www.artelista.com\/blog\/","name":"Artelista Magazine","description":"La revista de arte de Artelista","potentialAction":[{"@type":"SearchAction","target":{"@type":"EntryPoint","urlTemplate":"https:\/\/www.artelista.com\/blog\/?s={search_term_string}"},"query-input":{"@type":"PropertyValueSpecification","valueRequired":true,"valueName":"search_term_string"}}],"inLanguage":"es"},{"@type":"Person","@id":"https:\/\/www.artelista.com\/blog\/#\/schema\/person\/aef95afe6c7082892fb5d1ff27400c88","name":"Carmen F. Etreros","image":{"@type":"ImageObject","inLanguage":"es","@id":"https:\/\/www.artelista.com\/blog\/#\/schema\/person\/image\/","url":"https:\/\/secure.gravatar.com\/avatar\/e921b732e8575051407173a002830f0e7d03227531dc5e601107f3bf6b1c03c0?s=96&d=mm&r=g","contentUrl":"https:\/\/secure.gravatar.com\/avatar\/e921b732e8575051407173a002830f0e7d03227531dc5e601107f3bf6b1c03c0?s=96&d=mm&r=g","caption":"Carmen F. Etreros"},"url":"https:\/\/www.artelista.com\/blog\/author\/cfetreros\/"}]}},"_links":{"self":[{"href":"https:\/\/www.artelista.com\/blog\/wp-json\/wp\/v2\/posts\/4625","targetHints":{"allow":["GET"]}}],"collection":[{"href":"https:\/\/www.artelista.com\/blog\/wp-json\/wp\/v2\/posts"}],"about":[{"href":"https:\/\/www.artelista.com\/blog\/wp-json\/wp\/v2\/types\/post"}],"author":[{"embeddable":true,"href":"https:\/\/www.artelista.com\/blog\/wp-json\/wp\/v2\/users\/8"}],"replies":[{"embeddable":true,"href":"https:\/\/www.artelista.com\/blog\/wp-json\/wp\/v2\/comments?post=4625"}],"version-history":[{"count":6,"href":"https:\/\/www.artelista.com\/blog\/wp-json\/wp\/v2\/posts\/4625\/revisions"}],"predecessor-version":[{"id":4638,"href":"https:\/\/www.artelista.com\/blog\/wp-json\/wp\/v2\/posts\/4625\/revisions\/4638"}],"wp:featuredmedia":[{"embeddable":true,"href":"https:\/\/www.artelista.com\/blog\/wp-json\/wp\/v2\/media\/4626"}],"wp:attachment":[{"href":"https:\/\/www.artelista.com\/blog\/wp-json\/wp\/v2\/media?parent=4625"}],"wp:term":[{"taxonomy":"category","embeddable":true,"href":"https:\/\/www.artelista.com\/blog\/wp-json\/wp\/v2\/categories?post=4625"},{"taxonomy":"post_tag","embeddable":true,"href":"https:\/\/www.artelista.com\/blog\/wp-json\/wp\/v2\/tags?post=4625"}],"curies":[{"name":"wp","href":"https:\/\/api.w.org\/{rel}","templated":true}]}}